{"id":92,"date":"2023-10-22T14:19:28","date_gmt":"2023-10-22T14:19:28","guid":{"rendered":"http:\/\/www.incluverso-5g.es\/?p=92"},"modified":"2024-10-01T12:40:58","modified_gmt":"2024-10-01T12:40:58","slug":"el-incluverso-no-tendra-limites","status":"publish","type":"post","link":"http:\/\/www.incluverso-5g.es\/?p=92","title":{"rendered":"El INCLUVERSO no tendr\u00e1 l\u00edmites"},"content":{"rendered":"\n<p>Dise\u00f1ando una tecnolog\u00eda inmersiva accesible para acercar a las personas<\/p>\n\n\n\n<p><\/p>\n\n\n\n<p>El pasado fin de semana, del 20 al 22 de octubre, se present\u00f3 INCLUVERSO 5G en el marco de la VII Feria nacional para la repoblaci\u00f3n de la Espa\u00f1a rural (PRESURA) celebrada en Pamplona, cuyo lema ha sido #amanecerrural. <\/p>\n\n\n\n<p>El proyecto fue presentado a los visitantes de la feria acompa\u00f1ado de las demostraciones del XR Lab de Nokia en el stand. El proyecto fue seleccionado como participante y expositor gracias al potencial impacto que puede generar en la zona rural, ofreciendo recursos, como la teleformaci\u00f3n, a personas habitantes en condici\u00f3n de vulnerabilidad psicosocial de zonas m\u00e1s despobladas. <\/p>\n\n\n\n<p>La planificaci\u00f3n de Presura contaba con una jornada de puertas abiertas durante todo el fin de semana. Adicionalmente, se estipularon unas horas espec\u00edficas dedicadas a las demos llevadas a cabo por Nokia que tuvieron lugar todos los d\u00edas fomentando la participaci\u00f3n de la ciudadan\u00eda y motivando el inter\u00e9s en el proyecto.<\/p>\n\n\n\n<figure class=\"wp-block-gallery has-nested-images columns-default is-cropped wp-block-gallery-1 is-layout-flex wp-block-gallery-is-layout-flex\">\n<figure class=\"wp-block-image size-large\"><img decoding=\"async\" loading=\"lazy\" width=\"1200\" height=\"1317\" data-id=\"94\" src=\"http:\/\/www.incluverso-5g.es\/wp-content\/uploads\/2023\/10\/FOTO_POSTER2.jpg\" alt=\"\" class=\"wp-image-94\"\/><\/figure>\n<\/figure>\n\n\n\n<p>Marta Orduna y \u00c1lvaro Villegas fueron dos de los representantes del proyecto que presentaron el proyecto desde el stand de Nokia.<\/p>\n\n\n\n<p>Presura&#8217;23 cont\u00f3 con un espacio \u00c1gora, para dar voz y visibilidad a las diferentes entidades, organizaciones p\u00fablicas y privadas presentes en la VII Edici\u00f3n de esta feria, amplificando los proyectos y sus contribuciones para las zonas rurales. Los proyectos presentados en el espacio \u00c1gora representan una Espa\u00f1a llena de energ\u00eda y de personas que luchan d\u00eda a d\u00eda por mejorar las condiciones de vida de sus habitantes, por buscar un futuro mejor para sus pueblos, por generar actividad econ\u00f3mica y por contribuir a su dinamizaci\u00f3n socio cultural.<\/p>\n\n\n\n<p>INCLUVERSO 5G fue presentado bajo el t\u00edtulo \u00abEl INCLUVERSO no tendr\u00e1 l\u00edmites &#8211; Dise\u00f1ando una tecnolog\u00eda inmersiva accesible para acercar a las personas\u00bb.<\/p>\n\n\n\n<figure class=\"wp-block-gallery has-nested-images columns-default is-cropped wp-block-gallery-3 is-layout-flex wp-block-gallery-is-layout-flex\">\n<figure class=\"wp-block-image size-large is-style-default\"><img decoding=\"async\" loading=\"lazy\" width=\"3008\" height=\"2008\" data-id=\"97\" src=\"http:\/\/www.incluverso-5g.es\/wp-content\/uploads\/2023\/10\/DSC_1965.jpg\" alt=\"\" class=\"wp-image-97\"\/><\/figure>\n<\/figure>\n\n\n\n<p>Marta Orduna presentando El INCLUVERSO no tendr\u00e1 l\u00edmites en el espacio \u00c1gora de PRESURA&#8217;23<\/p>\n","protected":false},"excerpt":{"rendered":"<p>Dise\u00f1ando una tecnolog\u00eda inmersiva accesible para acercar a las personas El pasado fin de semana, del 20 al 22 de octubre, se [&hellip;]<\/p>\n","protected":false},"author":1,"featured_media":0,"comment_status":"open","ping_status":"open","sticky":false,"template":"","format":"standard","meta":{"footnotes":""},"categories":[2],"tags":[],"_links":{"self":[{"href":"http:\/\/www.incluverso-5g.es\/index.php?rest_route=\/wp\/v2\/posts\/92"}],"collection":[{"href":"http:\/\/www.incluverso-5g.es\/index.php?rest_route=\/wp\/v2\/posts"}],"about":[{"href":"http:\/\/www.incluverso-5g.es\/index.php?rest_route=\/wp\/v2\/types\/post"}],"author":[{"embeddable":true,"href":"http:\/\/www.incluverso-5g.es\/index.php?rest_route=\/wp\/v2\/users\/1"}],"replies":[{"embeddable":true,"href":"http:\/\/www.incluverso-5g.es\/index.php?rest_route=%2Fwp%2Fv2%2Fcomments&post=92"}],"version-history":[{"count":2,"href":"http:\/\/www.incluverso-5g.es\/index.php?rest_route=\/wp\/v2\/posts\/92\/revisions"}],"predecessor-version":[{"id":98,"href":"http:\/\/www.incluverso-5g.es\/index.php?rest_route=\/wp\/v2\/posts\/92\/revisions\/98"}],"wp:attachment":[{"href":"http:\/\/www.incluverso-5g.es\/index.php?rest_route=%2Fwp%2Fv2%2Fmedia&parent=92"}],"wp:term":[{"taxonomy":"category","embeddable":true,"href":"http:\/\/www.incluverso-5g.es\/index.php?rest_route=%2Fwp%2Fv2%2Fcategories&post=92"},{"taxonomy":"post_tag","embeddable":true,"href":"http:\/\/www.incluverso-5g.es\/index.php?rest_route=%2Fwp%2Fv2%2Ftags&post=92"}],"curies":[{"name":"wp","href":"https:\/\/api.w.org\/{rel}","templated":true}]}}