{"id":84,"date":"2023-10-11T10:57:58","date_gmt":"2023-10-11T10:57:58","guid":{"rendered":"http:\/\/www.incluverso-5g.es\/?p=84"},"modified":"2024-10-10T12:52:43","modified_gmt":"2024-10-10T12:52:43","slug":"arranca-incluverso-5g","status":"publish","type":"post","link":"http:\/\/www.incluverso-5g.es\/?p=84","title":{"rendered":"Arranca INCLUVERSO 5G"},"content":{"rendered":"\n<p>El pasado d\u00eda 11 de octubre de 2023 tuvo lugar la reuni\u00f3n de comienzo de INCLUVERSO 5G celebrada en las instalaciones de la Fundaci\u00f3n Juan XXIII.  En la reuni\u00f3n participaron los miembros del equipo de Nokia, Universidad Polit\u00e9cnica de Madrid y Fundaci\u00f3n Juan XXIII.<\/p>\n\n\n\n<figure class=\"wp-block-image size-full\"><img decoding=\"async\" loading=\"lazy\" width=\"2573\" height=\"1520\" src=\"http:\/\/www.incluverso-5g.es\/wp-content\/uploads\/2023\/10\/processed-C8878DFD-E484-4A14-AC99-A6D2854C1547-608E4C54-959E-428F-90C4-C050365B08DB.jpeg\" alt=\"\" class=\"wp-image-85\"\/><\/figure>\n\n\n\n<p>Roc\u00edo P\u00e9rez, Mar\u00eda Esther Molpeceres, \u00c1lvaro Villegas, Narciso Garc\u00eda y Pablo P\u00e9rez son los responsables del proyecto INCLUVERSO 5G.<\/p>\n\n\n\n<p>La agenda de la reuni\u00f3n fue la siguiente:<\/p>\n\n\n\n<ul>\n<li>10:00-10:15h: Bienvenida y presentaci\u00f3n de los equipos\u200b<\/li>\n\n\n\n<li>10:15-10:30h: Introducci\u00f3n al proyecto (casos de uso, tecnolog\u00edas implicadas, cronograma general)\u200b<\/li>\n\n\n\n<li>10:30-11:00h: Revisi\u00f3n del plan de trabajo\u200b<\/li>\n\n\n\n<li>11:00-11:10h: Descanso<\/li>\n\n\n\n<li>11:10-11:50h: CU1 &#8211; Terapia conductual y cognitiva\u200b<\/li>\n\n\n\n<li>11:50-12:30h: CU2 \u2013 Telepresencia inmersiva en pisos tutelados\u200b<\/li>\n\n\n\n<li>12:30-12:40h: Descanso\u200b<\/li>\n\n\n\n<li>12:40-13:20h: CU3 \u2013&nbsp;Teleformaci\u00f3n&nbsp;para la inserci\u00f3n laboral\u200b<\/li>\n\n\n\n<li>13:20-13:50h: Presentaci\u00f3n de actividades t\u00e9cnicas\u200b<\/li>\n\n\n\n<li>13:50-14:05h \u2013 Despliegue de red 5G en banda n40<\/li>\n<\/ul>\n\n\n\n<p>La reuni\u00f3n sirvi\u00f3 como un punto de encuentro en el que dar a conocer los roles ocupados por los diferentes miembros del equipo. Se hizo una introducci\u00f3n al proyecto en la que se presentaron los principales casos de uso, objetivos esperados y planificaci\u00f3n temporal. Todos los equipos han estado trabajando en cada uno de los casos de uso por lo que se avanz\u00f3 y continu\u00f3 trabajando en el correcto desarrollo del proyecto.<\/p>\n\n\n\n<p>Seguimos trabajando en INCLUVERSO 5G, porque el INCLUVERSO ser\u00e1 inclusivo o no ser\u00e1.  <\/p>\n\n\n\n<figure class=\"wp-block-image size-full\"><img decoding=\"async\" loading=\"lazy\" width=\"2420\" height=\"1816\" src=\"http:\/\/www.incluverso-5g.es\/wp-content\/uploads\/2023\/10\/processed-5E4CAE93-7E64-427C-AA13-636BF6576D9A-37AE9A0B-9B7F-4253-B0FB-895CFABBA728.jpeg\" alt=\"\" class=\"wp-image-86\"\/><\/figure>\n\n\n\n<p><\/p>\n\n\n\n<figure class=\"wp-block-table\"><table><tbody><tr><td>Web UPM: <a href=\"https:\/\/www.gti.ssr.upm.es\/index.php?option=com_content&amp;view=article&amp;id=577\">https:\/\/www.gti.ssr.upm.es\/index.php?option=com_content&amp;view=article&amp;id=577<\/a><\/td><\/tr><tr><td>Twitter: <a href=\"https:\/\/x.com\/GTI_Dem3DTV\/status\/1719991667271282828?s=20\">https:\/\/x.com\/GTI_Dem3DTV\/status\/1719991667271282828?s=20<\/a><\/td><\/tr><tr><td>LinkedIn: <a href=\"https:\/\/www.linkedin.com\/feed\/update\/urn:li:activity:7125756494800650241\">https:\/\/www.linkedin.com\/feed\/update\/urn:li:activity:7125756494800650241<\/a><\/td><\/tr><tr><td>Instagram: <a href=\"https:\/\/www.instagram.com\/p\/CzIx0criwee\/?utm_source=ig_web_copy_link&amp;igshid=MzRlODBiNWFlZA==\">https:\/\/www.instagram.com\/p\/CzIx0criwee\/?utm_source=ig_web_copy_link&amp;igshid=MzRlODBiNWFlZA==<\/a><\/td><\/tr><\/tbody><\/table><figcaption class=\"wp-element-caption\">El evento en las RRSS.<\/figcaption><\/figure>\n\n\n\n<p><\/p>\n","protected":false},"excerpt":{"rendered":"<p>El pasado d\u00eda 11 de octubre de 2023 tuvo lugar la reuni\u00f3n de comienzo de INCLUVERSO 5G celebrada en las instalaciones de [&hellip;]<\/p>\n","protected":false},"author":1,"featured_media":0,"comment_status":"open","ping_status":"open","sticky":false,"template":"","format":"standard","meta":{"footnotes":""},"categories":[2],"tags":[],"_links":{"self":[{"href":"http:\/\/www.incluverso-5g.es\/index.php?rest_route=\/wp\/v2\/posts\/84"}],"collection":[{"href":"http:\/\/www.incluverso-5g.es\/index.php?rest_route=\/wp\/v2\/posts"}],"about":[{"href":"http:\/\/www.incluverso-5g.es\/index.php?rest_route=\/wp\/v2\/types\/post"}],"author":[{"embeddable":true,"href":"http:\/\/www.incluverso-5g.es\/index.php?rest_route=\/wp\/v2\/users\/1"}],"replies":[{"embeddable":true,"href":"http:\/\/www.incluverso-5g.es\/index.php?rest_route=%2Fwp%2Fv2%2Fcomments&post=84"}],"version-history":[{"count":8,"href":"http:\/\/www.incluverso-5g.es\/index.php?rest_route=\/wp\/v2\/posts\/84\/revisions"}],"predecessor-version":[{"id":187,"href":"http:\/\/www.incluverso-5g.es\/index.php?rest_route=\/wp\/v2\/posts\/84\/revisions\/187"}],"wp:attachment":[{"href":"http:\/\/www.incluverso-5g.es\/index.php?rest_route=%2Fwp%2Fv2%2Fmedia&parent=84"}],"wp:term":[{"taxonomy":"category","embeddable":true,"href":"http:\/\/www.incluverso-5g.es\/index.php?rest_route=%2Fwp%2Fv2%2Fcategories&post=84"},{"taxonomy":"post_tag","embeddable":true,"href":"http:\/\/www.incluverso-5g.es\/index.php?rest_route=%2Fwp%2Fv2%2Ftags&post=84"}],"curies":[{"name":"wp","href":"https:\/\/api.w.org\/{rel}","templated":true}]}}