{"id":787,"date":"2026-02-12T07:19:07","date_gmt":"2026-02-12T07:19:07","guid":{"rendered":"http:\/\/www.incluverso-5g.es\/?p=787"},"modified":"2026-02-12T07:21:40","modified_gmt":"2026-02-12T07:21:40","slug":"el-proyecto-incluverso-5g-celebro-su-evento-final-en-el-xr-lab-de-nokia-en-madrid","status":"publish","type":"post","link":"http:\/\/www.incluverso-5g.es\/?p=787","title":{"rendered":"El proyecto INCLUVERSO 5G celebr\u00f3 su evento final en el XR Lab de Nokia en Madrid"},"content":{"rendered":"\n<p>El pasado <strong>3 de febrero<\/strong> se celebr\u00f3 en las oficinas de <strong>Nokia en Madrid<\/strong> el evento final del proyecto <strong>INCLUVERSO 5G<\/strong>, una iniciativa centrada en investigar el potencial de las tecnolog\u00edas de <strong>realidad extendida (XR)<\/strong> y <strong>telecomunicaciones 5G<\/strong> para el desarrollo de soluciones innovadoras en los \u00e1mbitos de la <strong>terapia, la telepresencia y la teleformaci\u00f3n<\/strong>, dirigidas a personas en situaci\u00f3n de vulnerabilidad psicosocial.<\/p>\n\n\n\n<p>Durante la jornada se presentaron los principales resultados del proyecto, en el que el equipo trabaj\u00f3 con el objetivo de demostrar c\u00f3mo la tecnolog\u00eda puede convertirse en una herramienta transformadora al servicio de las personas. INCLUVERSO 5G explor\u00f3 nuevos casos de uso que combinan conectividad avanzada y entornos inmersivos para mejorar la calidad de vida, fomentar la inclusi\u00f3n y ampliar el acceso a servicios de apoyo y formaci\u00f3n.<\/p>\n\n\n\n<p>Quienes deseen conocer m\u00e1s sobre la iniciativa pueden ver este breve v\u00eddeo resumen de 30 segundos:<br><a href=\"https:\/\/youtu.be\/oyCcEsOxA-E\">https:\/\/youtu.be\/oyCcEsOxA-E<\/a><\/p>\n\n\n\n<h3 class=\"wp-block-heading\">Una experiencia en el laboratorio de Realidad eXtendida de Nokia<\/h3>\n\n\n\n<p>La sesi\u00f3n se desarroll\u00f3 en horario de ma\u00f1ana en las instalaciones del <strong>laboratorio de Realidad eXtendida de Nokia (XR Lab)<\/strong>. El programa combin\u00f3 presentaciones sobre las distintas l\u00edneas de trabajo del proyecto y sus resultados con demostraciones pr\u00e1cticas de la tecnolog\u00eda desarrollada, que los asistentes pudieron experimentar de primera mano.<\/p>\n\n\n\n<h3 class=\"wp-block-heading\">Agenda de la jornada<\/h3>\n\n\n\n<p><strong>9:00\u20139:30<\/strong> \u2013 Registro<br><strong>9:30\u20139:45<\/strong> \u2013 Bienvenida a Nokia<br><strong>9:45\u201310:00<\/strong> \u2013 Presentaci\u00f3n de Nokia XR Lab<br><strong>10:00\u201311:00<\/strong> \u2013 Presentaci\u00f3n del proyecto INCLUVERSO 5G<\/p>\n\n\n\n<ul>\n<li>Terapia conductual<\/li>\n\n\n\n<li>Telepresencia<\/li>\n\n\n\n<li>Teleformaci\u00f3n<br><strong>11:00\u201311:30<\/strong> \u2013 Caf\u00e9 y networking<br><strong>11:30\u201312:30<\/strong> \u2013 Demos<\/li>\n<\/ul>\n\n\n\n<p>El evento constituy\u00f3 un espacio para compartir aprendizajes, intercambiar experiencias y mostrar de manera tangible c\u00f3mo la innovaci\u00f3n tecnol\u00f3gica puede contribuir a la inclusi\u00f3n social y a la mejora de la vida de las personas.<\/p>\n\n\n\n<figure class=\"wp-block-image size-large\"><img decoding=\"async\" loading=\"lazy\" width=\"1024\" height=\"771\" src=\"http:\/\/www.incluverso-5g.es\/wp-content\/uploads\/2026\/02\/ppJZNXyRRi2v2j-HTlNYDQ-1024x771.jpg\" alt=\"\" class=\"wp-image-789\" srcset=\"http:\/\/www.incluverso-5g.es\/wp-content\/uploads\/2026\/02\/ppJZNXyRRi2v2j-HTlNYDQ-1024x771.jpg 1024w, http:\/\/www.incluverso-5g.es\/wp-content\/uploads\/2026\/02\/ppJZNXyRRi2v2j-HTlNYDQ-300x226.jpg 300w, http:\/\/www.incluverso-5g.es\/wp-content\/uploads\/2026\/02\/ppJZNXyRRi2v2j-HTlNYDQ-768x578.jpg 768w, http:\/\/www.incluverso-5g.es\/wp-content\/uploads\/2026\/02\/ppJZNXyRRi2v2j-HTlNYDQ-1536x1157.jpg 1536w, http:\/\/www.incluverso-5g.es\/wp-content\/uploads\/2026\/02\/ppJZNXyRRi2v2j-HTlNYDQ-1000x753.jpg 1000w, http:\/\/www.incluverso-5g.es\/wp-content\/uploads\/2026\/02\/ppJZNXyRRi2v2j-HTlNYDQ-230x173.jpg 230w, http:\/\/www.incluverso-5g.es\/wp-content\/uploads\/2026\/02\/ppJZNXyRRi2v2j-HTlNYDQ-350x264.jpg 350w, http:\/\/www.incluverso-5g.es\/wp-content\/uploads\/2026\/02\/ppJZNXyRRi2v2j-HTlNYDQ-480x362.jpg 480w, http:\/\/www.incluverso-5g.es\/wp-content\/uploads\/2026\/02\/ppJZNXyRRi2v2j-HTlNYDQ.jpg 1653w\" sizes=\"(max-width: 1024px) 100vw, 1024px\" \/><\/figure>\n\n\n\n<figure class=\"wp-block-image size-large\"><img decoding=\"async\" loading=\"lazy\" width=\"1024\" height=\"771\" src=\"http:\/\/www.incluverso-5g.es\/wp-content\/uploads\/2026\/02\/wnx_7rTYTUOqH6m20Fc8OQ-1024x771.jpg\" alt=\"\" class=\"wp-image-790\" srcset=\"http:\/\/www.incluverso-5g.es\/wp-content\/uploads\/2026\/02\/wnx_7rTYTUOqH6m20Fc8OQ-1024x771.jpg 1024w, http:\/\/www.incluverso-5g.es\/wp-content\/uploads\/2026\/02\/wnx_7rTYTUOqH6m20Fc8OQ-300x226.jpg 300w, http:\/\/www.incluverso-5g.es\/wp-content\/uploads\/2026\/02\/wnx_7rTYTUOqH6m20Fc8OQ-768x578.jpg 768w, http:\/\/www.incluverso-5g.es\/wp-content\/uploads\/2026\/02\/wnx_7rTYTUOqH6m20Fc8OQ-1536x1157.jpg 1536w, http:\/\/www.incluverso-5g.es\/wp-content\/uploads\/2026\/02\/wnx_7rTYTUOqH6m20Fc8OQ-1000x753.jpg 1000w, http:\/\/www.incluverso-5g.es\/wp-content\/uploads\/2026\/02\/wnx_7rTYTUOqH6m20Fc8OQ-230x173.jpg 230w, http:\/\/www.incluverso-5g.es\/wp-content\/uploads\/2026\/02\/wnx_7rTYTUOqH6m20Fc8OQ-350x264.jpg 350w, http:\/\/www.incluverso-5g.es\/wp-content\/uploads\/2026\/02\/wnx_7rTYTUOqH6m20Fc8OQ-480x362.jpg 480w, http:\/\/www.incluverso-5g.es\/wp-content\/uploads\/2026\/02\/wnx_7rTYTUOqH6m20Fc8OQ.jpg 1653w\" sizes=\"(max-width: 1024px) 100vw, 1024px\" \/><\/figure>\n\n\n\n<figure class=\"wp-block-image size-large\"><img decoding=\"async\" loading=\"lazy\" width=\"1024\" height=\"771\" src=\"http:\/\/www.incluverso-5g.es\/wp-content\/uploads\/2026\/02\/GWO7b7PjRz6zDf6fgdje4Q-1024x771.jpg\" alt=\"\" class=\"wp-image-791\" srcset=\"http:\/\/www.incluverso-5g.es\/wp-content\/uploads\/2026\/02\/GWO7b7PjRz6zDf6fgdje4Q-1024x771.jpg 1024w, http:\/\/www.incluverso-5g.es\/wp-content\/uploads\/2026\/02\/GWO7b7PjRz6zDf6fgdje4Q-300x226.jpg 300w, http:\/\/www.incluverso-5g.es\/wp-content\/uploads\/2026\/02\/GWO7b7PjRz6zDf6fgdje4Q-768x578.jpg 768w, http:\/\/www.incluverso-5g.es\/wp-content\/uploads\/2026\/02\/GWO7b7PjRz6zDf6fgdje4Q-1536x1157.jpg 1536w, http:\/\/www.incluverso-5g.es\/wp-content\/uploads\/2026\/02\/GWO7b7PjRz6zDf6fgdje4Q-1000x753.jpg 1000w, http:\/\/www.incluverso-5g.es\/wp-content\/uploads\/2026\/02\/GWO7b7PjRz6zDf6fgdje4Q-230x173.jpg 230w, http:\/\/www.incluverso-5g.es\/wp-content\/uploads\/2026\/02\/GWO7b7PjRz6zDf6fgdje4Q-350x264.jpg 350w, http:\/\/www.incluverso-5g.es\/wp-content\/uploads\/2026\/02\/GWO7b7PjRz6zDf6fgdje4Q-480x362.jpg 480w, http:\/\/www.incluverso-5g.es\/wp-content\/uploads\/2026\/02\/GWO7b7PjRz6zDf6fgdje4Q.jpg 1653w\" sizes=\"(max-width: 1024px) 100vw, 1024px\" \/><\/figure>\n","protected":false},"excerpt":{"rendered":"<p>El pasado 3 de febrero se celebr\u00f3 en las oficinas de Nokia en Madrid el evento final del proyecto INCLUVERSO 5G, una [&hellip;]<\/p>\n","protected":false},"author":1,"featured_media":0,"comment_status":"open","ping_status":"open","sticky":false,"template":"","format":"standard","meta":{"footnotes":""},"categories":[1],"tags":[],"_links":{"self":[{"href":"http:\/\/www.incluverso-5g.es\/index.php?rest_route=\/wp\/v2\/posts\/787"}],"collection":[{"href":"http:\/\/www.incluverso-5g.es\/index.php?rest_route=\/wp\/v2\/posts"}],"about":[{"href":"http:\/\/www.incluverso-5g.es\/index.php?rest_route=\/wp\/v2\/types\/post"}],"author":[{"embeddable":true,"href":"http:\/\/www.incluverso-5g.es\/index.php?rest_route=\/wp\/v2\/users\/1"}],"replies":[{"embeddable":true,"href":"http:\/\/www.incluverso-5g.es\/index.php?rest_route=%2Fwp%2Fv2%2Fcomments&post=787"}],"version-history":[{"count":2,"href":"http:\/\/www.incluverso-5g.es\/index.php?rest_route=\/wp\/v2\/posts\/787\/revisions"}],"predecessor-version":[{"id":792,"href":"http:\/\/www.incluverso-5g.es\/index.php?rest_route=\/wp\/v2\/posts\/787\/revisions\/792"}],"wp:attachment":[{"href":"http:\/\/www.incluverso-5g.es\/index.php?rest_route=%2Fwp%2Fv2%2Fmedia&parent=787"}],"wp:term":[{"taxonomy":"category","embeddable":true,"href":"http:\/\/www.incluverso-5g.es\/index.php?rest_route=%2Fwp%2Fv2%2Fcategories&post=787"},{"taxonomy":"post_tag","embeddable":true,"href":"http:\/\/www.incluverso-5g.es\/index.php?rest_route=%2Fwp%2Fv2%2Ftags&post=787"}],"curies":[{"name":"wp","href":"https:\/\/api.w.org\/{rel}","templated":true}]}}