{"id":75,"date":"2023-05-12T14:00:00","date_gmt":"2023-05-12T14:00:00","guid":{"rendered":"http:\/\/www.incluverso-5g.es\/?p=75"},"modified":"2023-09-28T11:48:56","modified_gmt":"2023-09-28T11:48:56","slug":"foroin-de-digitales","status":"publish","type":"post","link":"http:\/\/www.incluverso-5g.es\/?p=75","title":{"rendered":"ForoIN de DigitalES"},"content":{"rendered":"\n<p>Ayer tuvimos el privilegio de presentar el proyecto INCLUVERSO 5G en el foro sobre tecnolog\u00eda accesible organizdo por DigitalES, Asociaci\u00f3n Espa\u00f1ola para la Digitalizaci\u00f3n, con la colaboraci\u00f3n de Fundaci\u00f3n ONCE. El evento tuvo lugar en la sede de \u00abPor Talento Digital\u00bb, una iniciativa de Fundaci\u00f3n ONCE para la formaci\u00f3n en contenidos digitales y tecnol\u00f3gicos de personas con discapacidad, con la cual colabora DigitalES.<\/p>\n\n\n\n<p>INCLUVERSO 5G fue seleccionado, junto con otros cuatro proyectos de otras empresas, de entre una amplia variedad de propuestas desarrolladas por las empresas que conforman la patronal sectorial DigitalES, y est\u00e1n orientados al uso terap\u00e9utico de la tecnolog\u00eda, la formaci\u00f3n en digitalizaci\u00f3n, la mejora de la accesibilidad digital, o la adaptaci\u00f3n de tecnolog\u00edas para mejorar la experiencia de uso a personas con discapacidades.<\/p>\n\n\n\n<figure class=\"wp-block-image size-large\"><img decoding=\"async\" loading=\"lazy\" width=\"1024\" height=\"683\" src=\"http:\/\/www.incluverso-5g.es\/wp-content\/uploads\/2023\/09\/20230511_Digitales_Foros-In_219-1024x683.jpg\" alt=\"\" class=\"wp-image-76\" srcset=\"http:\/\/www.incluverso-5g.es\/wp-content\/uploads\/2023\/09\/20230511_Digitales_Foros-In_219-1024x683.jpg 1024w, http:\/\/www.incluverso-5g.es\/wp-content\/uploads\/2023\/09\/20230511_Digitales_Foros-In_219-300x200.jpg 300w, http:\/\/www.incluverso-5g.es\/wp-content\/uploads\/2023\/09\/20230511_Digitales_Foros-In_219-768x512.jpg 768w, http:\/\/www.incluverso-5g.es\/wp-content\/uploads\/2023\/09\/20230511_Digitales_Foros-In_219-1536x1024.jpg 1536w, http:\/\/www.incluverso-5g.es\/wp-content\/uploads\/2023\/09\/20230511_Digitales_Foros-In_219-1000x667.jpg 1000w, http:\/\/www.incluverso-5g.es\/wp-content\/uploads\/2023\/09\/20230511_Digitales_Foros-In_219-230x153.jpg 230w, http:\/\/www.incluverso-5g.es\/wp-content\/uploads\/2023\/09\/20230511_Digitales_Foros-In_219-350x233.jpg 350w, http:\/\/www.incluverso-5g.es\/wp-content\/uploads\/2023\/09\/20230511_Digitales_Foros-In_219-480x320.jpg 480w, http:\/\/www.incluverso-5g.es\/wp-content\/uploads\/2023\/09\/20230511_Digitales_Foros-In_219.jpg 1800w\" sizes=\"(max-width: 1024px) 100vw, 1024px\" \/><figcaption class=\"wp-element-caption\">Presentaci\u00f3n de Incluverso 5G en ForoIN<\/figcaption><\/figure>\n\n\n\n<p>La presentaci\u00f3n puso sobre la mesa los principales retos del Incluverso, que ser\u00e1n tambi\u00e9n los del Metaverso: que debe ser \u00fatil para nuestra vida, f\u00e1cil de utilizar y accesible para todas las personas. Para ello, vamos a desarrollar un proyecto en el que las personas con discapacidad intelectual sean las que nos ayuden a crear la tecnolog\u00eda para enfrentarnos a estos retos desde el principio.<\/p>\n\n\n\n<p>La presentaci\u00f3n se puede ver en la grabaci\u00f3n del evento:<\/p>\n\n\n\n<figure class=\"wp-block-embed is-type-video is-provider-youtube wp-block-embed-youtube wp-embed-aspect-16-9 wp-has-aspect-ratio\"><div class=\"wp-block-embed__wrapper\">\n<iframe loading=\"lazy\" title=\"FORO IN: Hacia una Tecnolog\u00eda Accesible y Diversa\" width=\"1170\" height=\"658\" src=\"https:\/\/www.youtube.com\/embed\/74J20_Khesc?start=4902&#038;feature=oembed\" frameborder=\"0\" allow=\"accelerometer; autoplay; clipboard-write; encrypted-media; gyroscope; picture-in-picture; web-share\" allowfullscreen><\/iframe>\n<\/div><\/figure>\n\n\n\n<p>M\u00e1s informaci\u00f3n en:<\/p>\n\n\n\n<ul>\n<li><a href=\"https:\/\/www.digitales.es\/nota-de-prensa\/digitales-y-fundacion-once-reconocen-cinco-proyectos-tecnologicos-para-el-fomento-de-la-accesibilidad\/\">https:\/\/www.digitales.es\/nota-de-prensa\/digitales-y-fundacion-once-reconocen-cinco-proyectos-tecnologicos-para-el-fomento-de-la-accesibilidad\/<\/a><\/li>\n\n\n\n<li><a href=\"https:\/\/www.fundaciononce.es\/es\/comunicacion\/noticias\/digitales-y-fundacion-once-reconocen-cinco-proyectos-tecnologicos-para-el\">https:\/\/www.fundaciononce.es\/es\/comunicacion\/noticias\/digitales-y-fundacion-once-reconocen-cinco-proyectos-tecnologicos-para-el<\/a><\/li>\n<\/ul>\n","protected":false},"excerpt":{"rendered":"<p>Ayer tuvimos el privilegio de presentar el proyecto INCLUVERSO 5G en el foro sobre tecnolog\u00eda accesible organizdo por DigitalES, Asociaci\u00f3n Espa\u00f1ola para [&hellip;]<\/p>\n","protected":false},"author":1,"featured_media":0,"comment_status":"open","ping_status":"open","sticky":false,"template":"","format":"standard","meta":{"footnotes":""},"categories":[2],"tags":[],"_links":{"self":[{"href":"http:\/\/www.incluverso-5g.es\/index.php?rest_route=\/wp\/v2\/posts\/75"}],"collection":[{"href":"http:\/\/www.incluverso-5g.es\/index.php?rest_route=\/wp\/v2\/posts"}],"about":[{"href":"http:\/\/www.incluverso-5g.es\/index.php?rest_route=\/wp\/v2\/types\/post"}],"author":[{"embeddable":true,"href":"http:\/\/www.incluverso-5g.es\/index.php?rest_route=\/wp\/v2\/users\/1"}],"replies":[{"embeddable":true,"href":"http:\/\/www.incluverso-5g.es\/index.php?rest_route=%2Fwp%2Fv2%2Fcomments&post=75"}],"version-history":[{"count":1,"href":"http:\/\/www.incluverso-5g.es\/index.php?rest_route=\/wp\/v2\/posts\/75\/revisions"}],"predecessor-version":[{"id":77,"href":"http:\/\/www.incluverso-5g.es\/index.php?rest_route=\/wp\/v2\/posts\/75\/revisions\/77"}],"wp:attachment":[{"href":"http:\/\/www.incluverso-5g.es\/index.php?rest_route=%2Fwp%2Fv2%2Fmedia&parent=75"}],"wp:term":[{"taxonomy":"category","embeddable":true,"href":"http:\/\/www.incluverso-5g.es\/index.php?rest_route=%2Fwp%2Fv2%2Fcategories&post=75"},{"taxonomy":"post_tag","embeddable":true,"href":"http:\/\/www.incluverso-5g.es\/index.php?rest_route=%2Fwp%2Fv2%2Ftags&post=75"}],"curies":[{"name":"wp","href":"https:\/\/api.w.org\/{rel}","templated":true}]}}