{"id":729,"date":"2025-12-22T05:20:12","date_gmt":"2025-12-22T05:20:12","guid":{"rendered":"http:\/\/www.incluverso-5g.es\/?p=729"},"modified":"2025-12-23T05:30:26","modified_gmt":"2025-12-23T05:30:26","slug":"exito-rotundo-de-incluverso-5g-la-apm-acerco-la-tecnologia-inmersiva-a-los-mas-jovenes","status":"publish","type":"post","link":"http:\/\/www.incluverso-5g.es\/?p=729","title":{"rendered":"\u00c9xito Rotundo de \u00abIncluverso\u00a05G\u00bb: La APM Acerc\u00f3 la Tecnolog\u00eda Inmersiva a los M\u00e1s J\u00f3venes\u00a0"},"content":{"rendered":"\n<p>La Asociaci\u00f3n de la Prensa de Madrid (APM) celebr\u00f3 con gran \u00e9xito el pasado 22 de diciembre el evento \u00abIncluverso&nbsp;5G: donde la tecnolog\u00eda facilita la vida de las personas\u00bb, una jornada que reuni\u00f3 a hijos\/sd&nbsp;y nietos\/as&nbsp;de&nbsp;personas asociadas a APM&nbsp;para explorar el fascinante mundo de la tecnolog\u00eda inmersiva.&nbsp;&nbsp;<\/p>\n\n\n\n<p><strong>Un Viaje al Futuro Inclusivo con \u00abIncluverso&nbsp;5G\u00bb<\/strong>&nbsp;<\/p>\n\n\n\n<p>En el&nbsp;evento se present\u00f3&nbsp;el proyecto \u00abIncluverso&nbsp;5G\u00bb, una iniciativa de investigaci\u00f3n pionera en tecnolog\u00edas y telecomunicaciones&nbsp;sobre redes&nbsp;5G avanzadas. Los ponentes explicaron de manera accesible c\u00f3mo este proyecto busca crear experiencias de comunicaci\u00f3n inmersivas aplicadas a terapias, telepresencia y&nbsp;teleformaci\u00f3n, con un enfoque especial en personas en situaci\u00f3n de vulnerabilidad psicosocial. La visi\u00f3n de un Metaverso completamente inclusivo, o \u00abIncluverso\u00bb, reson\u00f3 con fuerza entre la audiencia, destacando el potencial transformador de la tecnolog\u00eda.&nbsp;<\/p>\n\n\n\n<p>Como ponentes de la jornada participaron:&nbsp;<\/p>\n\n\n\n<p><strong>Marta Orduna Cortillas<\/strong>, doctora ingeniera de Telecomunicaci\u00f3n e investigadora en el laboratorio de realidad extendida en Nokia,&nbsp;que&nbsp;comparti\u00f3 su conocimiento sobre la calidad de experiencia en tecnolog\u00eda inmersiva.&nbsp;<\/p>\n\n\n\n<p><strong>Mar\u00eda Nava Ruiz<\/strong>, psic\u00f3loga general sanitaria, aport\u00f3 su perspectiva sobre el impacto emocional y el bienestar que estas tecnolog\u00edas pueden ofrecer.&nbsp;<\/p>\n\n\n\n<p><strong>Jes\u00fas Guti\u00e9rrez S\u00e1nchez<\/strong>, profesor e investigador en la ETSIT de la UPM, ilustr\u00f3 c\u00f3mo las tecnolog\u00edas audiovisuales contribuyen a los Objetivos de Desarrollo Sostenible.&nbsp;<\/p>\n\n\n\n<p><strong>Laura Vicente<\/strong>, usuaria de la Fundaci\u00f3n Juan XXIII, ofreci\u00f3 un testimonio inspirador sobre la aplicaci\u00f3n pr\u00e1ctica de estas innovaciones.&nbsp;<\/p>\n\n\n\n<p><strong>Est\u00edbaliz Jim\u00e9nez Moreno<\/strong>, ingeniera inform\u00e1tica de la APM,&nbsp;que&nbsp;coordin\u00f3 la sesi\u00f3n con maestr\u00eda.&nbsp;<\/p>\n\n\n\n<p>La jornada dedic\u00f3 un espacio a hablar de discapacidad y tecnolog\u00eda y de c\u00f3mo la ingenier\u00eda de telecomunicaci\u00f3n, la psicolog\u00eda y los usuarios\/as finales deben trabajar y cooperar para dise\u00f1ar las comunicaciones del futuro, como el b\u00faho, prototipo desarrollado por Nokia XR&nbsp;Lab.&nbsp;&nbsp;<\/p>\n\n\n\n<p>Uno de los momentos m\u00e1s emocionantes fue cuando&nbsp;los ni\u00f1os&nbsp;y ni\u00f1as&nbsp;tuvieron la oportunidad de probar las gafas de realidad virtual, sumergi\u00e9ndose en experiencias que despertaron su curiosidad y asombro. La jornada culmin\u00f3 con una sorpresa navide\u00f1a muy especial, que fue recibida con entusiasmo y alegr\u00eda por todos los presentes, a\u00f1adiendo un toque m\u00e1gico a la celebraci\u00f3n.&nbsp;<\/p>\n\n\n\n<p>\u00abIncluverso&nbsp;5G\u00bb no solo educ\u00f3 a&nbsp;los ni\u00f1os&nbsp;y ni\u00f1as&nbsp;sobre el futuro de la tecnolog\u00eda, sino que tambi\u00e9n demostr\u00f3 c\u00f3mo la innovaci\u00f3n puede ser una herramienta poderosa para construir una sociedad m\u00e1s justa y accesible.&nbsp;&nbsp;<\/p>\n\n\n\n<p>M\u00e1s informaci\u00f3n:&nbsp;<a rel=\"noreferrer noopener\" href=\"https:\/\/eur03.safelinks.protection.outlook.com\/?url=https%3A%2F%2Fwww.apmadrid.es%2Fcomunicado%2Fcelebrada-en-la-apm-la-actividad-ludico-educativa-incluverso-5g-donde-la-tecnologia-facilita-la-vida-de-las-personas%2F&amp;data=05%7C02%7Cmarta.orduna%40nokia.com%7Cbc4ed9943a9a4f2cf7c808de416504e4%7C5d4717519675428d917b70f44f9630b0%7C0%7C0%7C639020099318440606%7CUnknown%7CTWFpbGZsb3d8eyJFbXB0eU1hcGkiOnRydWUsIlYiOiIwLjAuMDAwMCIsIlAiOiJXaW4zMiIsIkFOIjoiTWFpbCIsIldUIjoyfQ%3D%3D%7C0%7C%7C%7C&amp;sdata=9sJ2XZ4ikOM3me7gbzMh9BZ7XYaxbO2c5P1SCB0ZsGc%3D&amp;reserved=0\" target=\"_blank\">https:\/\/www.apmadrid.es\/comunicado\/celebrada-en-la-apm-la-actividad-ludico-educativa-incluverso-5g-donde-la-tecnologia-facilita-la-vida-de-las-personas\/<\/a>&nbsp;<\/p>\n\n\n\n<figure class=\"wp-block-image size-full\"><img decoding=\"async\" loading=\"lazy\" width=\"2048\" height=\"1536\" src=\"http:\/\/www.incluverso-5g.es\/wp-content\/uploads\/2025\/12\/APM_foto.jpg\" alt=\"\" class=\"wp-image-726\"\/><\/figure>\n\n\n\n<div class=\"wp-block-file\"><a id=\"wp-block-file--media-a620a715-0e33-4a2e-945c-56f3427efaa7\" href=\"http:\/\/www.incluverso-5g.es\/wp-content\/uploads\/2025\/12\/Presentation-APM-20251222.pptx\">Presentation APM 20251222<\/a><a href=\"http:\/\/www.incluverso-5g.es\/wp-content\/uploads\/2025\/12\/Presentation-APM-20251222.pptx\" class=\"wp-block-file__button wp-element-button\" download aria-describedby=\"wp-block-file--media-a620a715-0e33-4a2e-945c-56f3427efaa7\">Descarga<\/a><\/div>\n\n\n\n<p><\/p>\n","protected":false},"excerpt":{"rendered":"<p>La Asociaci\u00f3n de la Prensa de Madrid (APM) celebr\u00f3 con gran \u00e9xito el pasado 22 de diciembre el evento \u00abIncluverso&nbsp;5G: donde la [&hellip;]<\/p>\n","protected":false},"author":1,"featured_media":0,"comment_status":"open","ping_status":"open","sticky":false,"template":"","format":"standard","meta":{"footnotes":""},"categories":[1],"tags":[],"_links":{"self":[{"href":"http:\/\/www.incluverso-5g.es\/index.php?rest_route=\/wp\/v2\/posts\/729"}],"collection":[{"href":"http:\/\/www.incluverso-5g.es\/index.php?rest_route=\/wp\/v2\/posts"}],"about":[{"href":"http:\/\/www.incluverso-5g.es\/index.php?rest_route=\/wp\/v2\/types\/post"}],"author":[{"embeddable":true,"href":"http:\/\/www.incluverso-5g.es\/index.php?rest_route=\/wp\/v2\/users\/1"}],"replies":[{"embeddable":true,"href":"http:\/\/www.incluverso-5g.es\/index.php?rest_route=%2Fwp%2Fv2%2Fcomments&post=729"}],"version-history":[{"count":3,"href":"http:\/\/www.incluverso-5g.es\/index.php?rest_route=\/wp\/v2\/posts\/729\/revisions"}],"predecessor-version":[{"id":736,"href":"http:\/\/www.incluverso-5g.es\/index.php?rest_route=\/wp\/v2\/posts\/729\/revisions\/736"}],"wp:attachment":[{"href":"http:\/\/www.incluverso-5g.es\/index.php?rest_route=%2Fwp%2Fv2%2Fmedia&parent=729"}],"wp:term":[{"taxonomy":"category","embeddable":true,"href":"http:\/\/www.incluverso-5g.es\/index.php?rest_route=%2Fwp%2Fv2%2Fcategories&post=729"},{"taxonomy":"post_tag","embeddable":true,"href":"http:\/\/www.incluverso-5g.es\/index.php?rest_route=%2Fwp%2Fv2%2Ftags&post=729"}],"curies":[{"name":"wp","href":"https:\/\/api.w.org\/{rel}","templated":true}]}}