{"id":714,"date":"2025-11-27T05:45:54","date_gmt":"2025-11-27T05:45:54","guid":{"rendered":"http:\/\/www.incluverso-5g.es\/?p=714"},"modified":"2025-12-22T05:49:25","modified_gmt":"2025-12-22T05:49:25","slug":"incluverso-5g-en-el-iii-encuentro-iberoamericano-de-fablabs-iberolat-fest-2025","status":"publish","type":"post","link":"http:\/\/www.incluverso-5g.es\/?p=714","title":{"rendered":"INCLUVERSO 5G EN EL III ENCUENTRO IBEROAMERICANO DE FABLABS \u201cIberoLat\u00a0Fest\u00a02025\u201d\u00a0"},"content":{"rendered":"\n<p>El 27 de noviembre, Nokia y Fundaci\u00f3n Juan XXIII, presentaron el proyecto INCUVERSO 5G en el III Encuentro Iberoamericano de&nbsp;Fablabs&nbsp;organizado por CIEC Madrid.&nbsp;&nbsp;<\/p>\n\n\n\n<p>Gracias a la invitaci\u00f3n de nuestros compa\u00f1eros del&nbsp;SNBLab&nbsp;Inclusi\u00f3n, que Fundaci\u00f3n Juan XXIII desarrolla en CIEC Madrid, y gracias a la organizaci\u00f3n de este encuentro de mano de Bernardo Cerd\u00e1n, t\u00e9cnico&nbsp;FabLab&nbsp;CIEC Madrid, todos los asistentes pudieron conocer este proyecto que combina inclusi\u00f3n y tecnolog\u00eda de realidad extendida.&nbsp;&nbsp;<\/p>\n\n\n\n<p>Ainhoa Fern\u00e1ndez, terapeuta del proyecto INCLUVERSO 5G en Fundaci\u00f3n Juan XXIII, Marta Orduna,&nbsp;coordinadora t\u00e9cnica del proyecto, del Nokia XR&nbsp;Lab, y Raquel Fern\u00e1ndez, usuaria de centro ocupacional de Fundaci\u00f3n Juan XXIII y participante del proyecto, expusieron uno de los casos de uso desarrollado en el contexto de la formaci\u00f3n profesional para personas con discapacidad intelectual. Este caso de uso se desarroll\u00f3 en colaboraci\u00f3n con Sara Venegas, profesora del curso de reposter\u00eda impartido por el Centro de Formaci\u00f3n para el Empleo de Fundaci\u00f3n Juan XXIII.&nbsp;&nbsp;<\/p>\n\n\n\n<p>Raquel pudo contar c\u00f3mo ha aprendido a realizar recetas de reposter\u00eda de un modo poco convencional, a trav\u00e9s del uso de la realidad extendida.&nbsp;Para ello, se llevaron a cabo distintas fases en la que se combinaba aprendizaje y pr\u00e1ctica. Para la fase de aprendizaje, previa grabaci\u00f3n en 360 grados de una clase convencional del curso, Raquel, a trav\u00e9s de las gafas&nbsp;de realidad virtual&nbsp;(RV), pod\u00eda visualizar los contenidos mientras realizaba la receta, viendo a la vez la realidad de su cocina y el v\u00eddeo en la misma pantalla. Se crearon botones&nbsp;que por medio de t\u00e9cnicas de interacci\u00f3n natural&nbsp;pod\u00edan tocarse de manera muy intuitiva para parar, retroceder o avanzar el v\u00eddeo, en funci\u00f3n de sus necesidades particulares de aprendizaje. En la fase de pr\u00e1ctica y evaluaci\u00f3n de lo aprendido, se ha utilizado el dispositivo b\u00faho u&nbsp;Owl\/Snowl, desarrollado por el equipo de Nokia XR&nbsp;Lab, que consta de una c\u00e1mara 360 grados, un altavoz y una pantalla para representar a la persona conectada en remoto. Esta persona, en este caso la profesora, se conecta al dispositivo b\u00faho mediante unos cascos de RV, y puede ver y o\u00edr lo que est\u00e1 realizando el alumno o alumna, logrando una comunicaci\u00f3n bidireccional entre ambas.&nbsp;&nbsp;<\/p>\n\n\n\n<p>Los resultados han sido muy exitosos, logrando el 100% de participantes superar el aprendizaje y realizar una receta de manea aut\u00f3noma.&nbsp;&nbsp;<\/p>\n\n\n\n<p>Gracias a todo el equipo que compone este&nbsp;proyecto&nbsp;as\u00ed como&nbsp;personas que han colaborado para hacerlo posible.&nbsp;<\/p>\n\n\n\n<figure class=\"wp-block-embed is-type-wp-embed is-provider-ciec-madrid wp-block-embed-ciec-madrid\"><div class=\"wp-block-embed__wrapper\">\n<blockquote class=\"wp-embedded-content\" data-secret=\"Yp4zCDv2OL\"><a href=\"https:\/\/ciecmadrid.es\/fablab-ciec-madrid-organiza-el-iii-encuentro-iberoamericano-de-fablabs-catalizando-futuros\/\">FabLab CIEC Madrid organiza el III Encuentro Iberoamericano de FabLabs: \u201cCatalizando Futuros\u201d<\/a><\/blockquote><iframe class=\"wp-embedded-content\" sandbox=\"allow-scripts\" security=\"restricted\" style=\"position: absolute; clip: rect(1px, 1px, 1px, 1px);\" title=\"\u00abFabLab CIEC Madrid organiza el III Encuentro Iberoamericano de FabLabs: \u201cCatalizando Futuros\u201d\u00bb \u2014 CIEC | MADRID\" src=\"https:\/\/ciecmadrid.es\/fablab-ciec-madrid-organiza-el-iii-encuentro-iberoamericano-de-fablabs-catalizando-futuros\/embed\/#?secret=0QuRZaiV8P#?secret=Yp4zCDv2OL\" data-secret=\"Yp4zCDv2OL\" width=\"600\" height=\"338\" frameborder=\"0\" marginwidth=\"0\" marginheight=\"0\" scrolling=\"no\"><\/iframe>\n<\/div><\/figure>\n\n\n\n<figure class=\"wp-block-image size-full\"><img decoding=\"async\" loading=\"lazy\" width=\"1176\" height=\"883\" src=\"http:\/\/www.incluverso-5g.es\/wp-content\/uploads\/2025\/12\/IBEROLATFest-1.jpg\" alt=\"\" class=\"wp-image-716\"\/><\/figure>\n","protected":false},"excerpt":{"rendered":"<p>El 27 de noviembre, Nokia y Fundaci\u00f3n Juan XXIII, presentaron el proyecto INCUVERSO 5G en el III Encuentro Iberoamericano de&nbsp;Fablabs&nbsp;organizado por CIEC [&hellip;]<\/p>\n","protected":false},"author":1,"featured_media":0,"comment_status":"open","ping_status":"open","sticky":false,"template":"","format":"standard","meta":{"footnotes":""},"categories":[1],"tags":[],"_links":{"self":[{"href":"http:\/\/www.incluverso-5g.es\/index.php?rest_route=\/wp\/v2\/posts\/714"}],"collection":[{"href":"http:\/\/www.incluverso-5g.es\/index.php?rest_route=\/wp\/v2\/posts"}],"about":[{"href":"http:\/\/www.incluverso-5g.es\/index.php?rest_route=\/wp\/v2\/types\/post"}],"author":[{"embeddable":true,"href":"http:\/\/www.incluverso-5g.es\/index.php?rest_route=\/wp\/v2\/users\/1"}],"replies":[{"embeddable":true,"href":"http:\/\/www.incluverso-5g.es\/index.php?rest_route=%2Fwp%2Fv2%2Fcomments&post=714"}],"version-history":[{"count":2,"href":"http:\/\/www.incluverso-5g.es\/index.php?rest_route=\/wp\/v2\/posts\/714\/revisions"}],"predecessor-version":[{"id":718,"href":"http:\/\/www.incluverso-5g.es\/index.php?rest_route=\/wp\/v2\/posts\/714\/revisions\/718"}],"wp:attachment":[{"href":"http:\/\/www.incluverso-5g.es\/index.php?rest_route=%2Fwp%2Fv2%2Fmedia&parent=714"}],"wp:term":[{"taxonomy":"category","embeddable":true,"href":"http:\/\/www.incluverso-5g.es\/index.php?rest_route=%2Fwp%2Fv2%2Fcategories&post=714"},{"taxonomy":"post_tag","embeddable":true,"href":"http:\/\/www.incluverso-5g.es\/index.php?rest_route=%2Fwp%2Fv2%2Ftags&post=714"}],"curies":[{"name":"wp","href":"https:\/\/api.w.org\/{rel}","templated":true}]}}