{"id":706,"date":"2025-11-18T14:36:41","date_gmt":"2025-11-18T14:36:41","guid":{"rendered":"http:\/\/www.incluverso-5g.es\/?p=706"},"modified":"2025-12-12T14:37:12","modified_gmt":"2025-12-12T14:37:12","slug":"upm-conecta","status":"publish","type":"post","link":"http:\/\/www.incluverso-5g.es\/?p=706","title":{"rendered":"UPM Conecta"},"content":{"rendered":"\n<p>El 18 de noviembre, en la Escuela T\u00e9cnica Superior de Ingenieros de Telecomunicaci\u00f3n de la Universidad Polit\u00e9cnica de Madrid se celebr\u00f3 la feria UPMConecta. Durante el evento, Matteo Dal Magro y Marta Goyena de Nokia, junto con Jes\u00fas Guti\u00e9rrez del Grupo de Tratamiento de Im\u00e1genes (GTI), presentaron una demonstraci\u00f3n de la experiencia de terapia cognitiva desarrollada con el proyecto Incluverso5G.&nbsp;&nbsp;&nbsp;<\/p>\n\n\n\n<p>Tanto profesores como estudiantes participaron al evento y probaron la experiencia inmersiva, extendiendo sus ideas de tecnolog\u00edas accesibles y para personas con discapacidades intelectual.&nbsp;<\/p>\n\n\n\n<figure class=\"wp-block-image size-full\"><img decoding=\"async\" loading=\"lazy\" width=\"1612\" height=\"973\" src=\"http:\/\/www.incluverso-5g.es\/wp-content\/uploads\/2025\/12\/UPM-conecta-foto1.png\" alt=\"\" class=\"wp-image-708\"\/><\/figure>\n\n\n\n<figure class=\"wp-block-image size-full\"><img decoding=\"async\" loading=\"lazy\" width=\"1225\" height=\"724\" src=\"http:\/\/www.incluverso-5g.es\/wp-content\/uploads\/2025\/12\/UPM-conecta-foto2.png\" alt=\"\" class=\"wp-image-709\"\/><\/figure>\n","protected":false},"excerpt":{"rendered":"<p>El 18 de noviembre, en la Escuela T\u00e9cnica Superior de Ingenieros de Telecomunicaci\u00f3n de la Universidad Polit\u00e9cnica de Madrid se celebr\u00f3 la [&hellip;]<\/p>\n","protected":false},"author":1,"featured_media":0,"comment_status":"open","ping_status":"open","sticky":false,"template":"","format":"standard","meta":{"footnotes":""},"categories":[1],"tags":[],"_links":{"self":[{"href":"http:\/\/www.incluverso-5g.es\/index.php?rest_route=\/wp\/v2\/posts\/706"}],"collection":[{"href":"http:\/\/www.incluverso-5g.es\/index.php?rest_route=\/wp\/v2\/posts"}],"about":[{"href":"http:\/\/www.incluverso-5g.es\/index.php?rest_route=\/wp\/v2\/types\/post"}],"author":[{"embeddable":true,"href":"http:\/\/www.incluverso-5g.es\/index.php?rest_route=\/wp\/v2\/users\/1"}],"replies":[{"embeddable":true,"href":"http:\/\/www.incluverso-5g.es\/index.php?rest_route=%2Fwp%2Fv2%2Fcomments&post=706"}],"version-history":[{"count":2,"href":"http:\/\/www.incluverso-5g.es\/index.php?rest_route=\/wp\/v2\/posts\/706\/revisions"}],"predecessor-version":[{"id":710,"href":"http:\/\/www.incluverso-5g.es\/index.php?rest_route=\/wp\/v2\/posts\/706\/revisions\/710"}],"wp:attachment":[{"href":"http:\/\/www.incluverso-5g.es\/index.php?rest_route=%2Fwp%2Fv2%2Fmedia&parent=706"}],"wp:term":[{"taxonomy":"category","embeddable":true,"href":"http:\/\/www.incluverso-5g.es\/index.php?rest_route=%2Fwp%2Fv2%2Fcategories&post=706"},{"taxonomy":"post_tag","embeddable":true,"href":"http:\/\/www.incluverso-5g.es\/index.php?rest_route=%2Fwp%2Fv2%2Ftags&post=706"}],"curies":[{"name":"wp","href":"https:\/\/api.w.org\/{rel}","templated":true}]}}