{"id":653,"date":"2025-05-11T06:05:42","date_gmt":"2025-05-11T06:05:42","guid":{"rendered":"http:\/\/www.incluverso-5g.es\/?p=653"},"modified":"2025-10-09T06:07:06","modified_gmt":"2025-10-09T06:07:06","slug":"ii-congreso-internacional-a-metaverse-for-the-good","status":"publish","type":"post","link":"http:\/\/www.incluverso-5g.es\/?p=653","title":{"rendered":"II Congreso Internacional: A Metaverse for the Good\u00a0"},"content":{"rendered":"\n<p>Del 11 al 13 de mayo se celebr\u00f3 en la Universidad de Alicante el <a rel=\"noreferrer noopener\" href=\"https:\/\/catedrametaverso.ua.es\/call-for-submissions-ii-international-congress-metaverse-for-the-good\/\" target=\"_blank\">II congreso internacional<em> A Metaverse for the Good<\/em><\/a><em>, <\/em>que estuvo dividido en dos partes. En la primera de ellas, tuvo lugar la <a rel=\"noreferrer noopener\" href=\"https:\/\/catedrametaverso.ua.es\/ii-international-congress-part-one\/\" target=\"_blank\">segunda edici\u00f3n del congreso de la European Metaverse Research Network (EMRN)<\/a>, en el que investigadores y expertos del sector participaron en sesiones orales, sesiones de p\u00f3steres y <em>keynotes, <\/em>en las que se presentaban y discut\u00edan contribuciones cient\u00edficas relacionadas con la intersecci\u00f3n entre inteligencia artificial (IA) y el Metaverso.&nbsp;&nbsp;<\/p>\n\n\n\n<figure class=\"wp-block-image size-full\"><img decoding=\"async\" loading=\"lazy\" width=\"4032\" height=\"3024\" src=\"http:\/\/www.incluverso-5g.es\/wp-content\/uploads\/2025\/10\/MetaverseForTheGood-IMG_0407.jpeg\" alt=\"\" class=\"wp-image-633\"\/><\/figure>\n\n\n\n<p>En esta primera parte, Jes\u00fas Guti\u00e9rrez (universidad Polit\u00e9cnica de Madrid) present\u00f3 tanto en una sesi\u00f3n oral como en un p\u00f3ster, el trabajo llevado a cabo por el grupo de trabajo de Incluverso 5G en relaci\u00f3n con el uso de tecnolog\u00edas de realidad extendida (XR, del ingl\u00e9s <em>eXtended Reality) <\/em>para mejorar la terapia y el entrenamiento cognitivo de personas con discapacidad intelectual.&nbsp;&nbsp;<\/p>\n\n\n\n<figure class=\"wp-block-image size-full\"><img decoding=\"async\" loading=\"lazy\" width=\"2048\" height=\"1536\" src=\"http:\/\/www.incluverso-5g.es\/wp-content\/uploads\/2025\/10\/MetaverseForTheGood-WhatsApp-Image-2025-06-12-at-17.05.15.jpeg\" alt=\"\" class=\"wp-image-642\"\/><\/figure>\n\n\n\n<p>La segunda parte, <a rel=\"noreferrer noopener\" href=\"https:\/\/catedrametaverso.ua.es\/ii-international-congress-part-two\/\" target=\"_blank\">Espa\u00f1aXR<\/a>, se centr\u00f3 en una jornada de presentaciones y paneles en torno al uso de las tecnolog\u00edas inmersivas en Espa\u00f1a, desde el punto de vista de empresarial de emprendimiento y de pol\u00edticas p\u00fablicas. En este sentido, Pablo P\u00e9rez (Nokia XR Lab) particip\u00f3 en el panel \u201cConstruyendo experiencias virtuales\u201d y present\u00f3 los avances de los proyectos de Nokia XR Lab relacionados con el tema, incluido INCUVERSO 5G.&nbsp;&nbsp;<\/p>\n\n\n\n<div class=\"wp-block-file\"><object class=\"wp-block-file__embed\" data=\"http:\/\/www.incluverso-5g.es\/wp-content\/uploads\/2025\/10\/MetaverseForTheGood-PabloPerez-Realverse-MFTG-2025.pdf\" type=\"application\/pdf\" style=\"width:100%;height:600px\" aria-label=\"Incrustado de MetaverseForTheGood PabloPerez-Realverse-MFTG-2025.\"><\/object><a id=\"wp-block-file--media-77658fc1-6ce9-48a5-9c82-9ac64e15faef\" href=\"http:\/\/www.incluverso-5g.es\/wp-content\/uploads\/2025\/10\/MetaverseForTheGood-PabloPerez-Realverse-MFTG-2025.pdf\">MetaverseForTheGood PabloPerez-Realverse-MFTG-2025<\/a><a href=\"http:\/\/www.incluverso-5g.es\/wp-content\/uploads\/2025\/10\/MetaverseForTheGood-PabloPerez-Realverse-MFTG-2025.pdf\" class=\"wp-block-file__button wp-element-button\" download aria-describedby=\"wp-block-file--media-77658fc1-6ce9-48a5-9c82-9ac64e15faef\">Descarga<\/a><\/div>\n\n\n\n<div class=\"wp-block-file\"><object class=\"wp-block-file__embed\" data=\"http:\/\/www.incluverso-5g.es\/wp-content\/uploads\/2025\/10\/MetaverseForTheGood-Gutierrez_slides.pdf\" type=\"application\/pdf\" style=\"width:100%;height:600px\" aria-label=\"Incrustado de MetaverseForTheGood Gutierrez_slides.\"><\/object><a id=\"wp-block-file--media-51478df8-75ba-4b01-80e4-2a3e2aa41635\" href=\"http:\/\/www.incluverso-5g.es\/wp-content\/uploads\/2025\/10\/MetaverseForTheGood-Gutierrez_slides.pdf\">MetaverseForTheGood Gutierrez_slides<\/a><a href=\"http:\/\/www.incluverso-5g.es\/wp-content\/uploads\/2025\/10\/MetaverseForTheGood-Gutierrez_slides.pdf\" class=\"wp-block-file__button wp-element-button\" download aria-describedby=\"wp-block-file--media-51478df8-75ba-4b01-80e4-2a3e2aa41635\">Descarga<\/a><\/div>\n","protected":false},"excerpt":{"rendered":"<p>Del 11 al 13 de mayo se celebr\u00f3 en la Universidad de Alicante el II congreso internacional A Metaverse for the Good, [&hellip;]<\/p>\n","protected":false},"author":1,"featured_media":0,"comment_status":"open","ping_status":"open","sticky":false,"template":"","format":"standard","meta":{"footnotes":""},"categories":[1],"tags":[],"_links":{"self":[{"href":"http:\/\/www.incluverso-5g.es\/index.php?rest_route=\/wp\/v2\/posts\/653"}],"collection":[{"href":"http:\/\/www.incluverso-5g.es\/index.php?rest_route=\/wp\/v2\/posts"}],"about":[{"href":"http:\/\/www.incluverso-5g.es\/index.php?rest_route=\/wp\/v2\/types\/post"}],"author":[{"embeddable":true,"href":"http:\/\/www.incluverso-5g.es\/index.php?rest_route=\/wp\/v2\/users\/1"}],"replies":[{"embeddable":true,"href":"http:\/\/www.incluverso-5g.es\/index.php?rest_route=%2Fwp%2Fv2%2Fcomments&post=653"}],"version-history":[{"count":2,"href":"http:\/\/www.incluverso-5g.es\/index.php?rest_route=\/wp\/v2\/posts\/653\/revisions"}],"predecessor-version":[{"id":656,"href":"http:\/\/www.incluverso-5g.es\/index.php?rest_route=\/wp\/v2\/posts\/653\/revisions\/656"}],"wp:attachment":[{"href":"http:\/\/www.incluverso-5g.es\/index.php?rest_route=%2Fwp%2Fv2%2Fmedia&parent=653"}],"wp:term":[{"taxonomy":"category","embeddable":true,"href":"http:\/\/www.incluverso-5g.es\/index.php?rest_route=%2Fwp%2Fv2%2Fcategories&post=653"},{"taxonomy":"post_tag","embeddable":true,"href":"http:\/\/www.incluverso-5g.es\/index.php?rest_route=%2Fwp%2Fv2%2Ftags&post=653"}],"curies":[{"name":"wp","href":"https:\/\/api.w.org\/{rel}","templated":true}]}}