{"id":646,"date":"2025-04-04T05:51:28","date_gmt":"2025-04-04T05:51:28","guid":{"rendered":"http:\/\/www.incluverso-5g.es\/?p=646"},"modified":"2025-10-09T05:55:01","modified_gmt":"2025-10-09T05:55:01","slug":"youthspeak-forum-2025","status":"publish","type":"post","link":"http:\/\/www.incluverso-5g.es\/?p=646","title":{"rendered":"YouthSpeak Forum 2025"},"content":{"rendered":"\n<p>El pasado 4 de abril se celebr\u00f3 el <a href=\"https:\/\/www.linkedin.com\/company\/youthspeak-forum-spain\/posts\/?feedView=all\" target=\"_blank\" rel=\"noreferrer noopener\"><em>YouthSpeak Forum<\/em><\/a><em> <\/em>2025 en la Escuela T\u00e9cnica superior de Ingenieros de Telecomunicaci\u00f3n (ETSIT) de la Universidad Polit\u00e9cnica de Madrid (UPM). Este evento, organizado por la organizaci\u00f3n juvenil <a href=\"https:\/\/www.aiesec.org.es\/\" target=\"_blank\" rel=\"noreferrer noopener\">AIESEC Espa\u00f1a,<\/a> reuni\u00f3 a m\u00e1s de 200 j\u00f3venes para debatir y proponer soluciones a los grandes desaf\u00edos globales alineados con los Objetivos de Desarrollo Sostenible (ODS).&nbsp;<\/p>\n\n\n\n<p>En concreto, esta edici\u00f3n se centr\u00f3 en la exclusi\u00f3n juvenil, poniendo especial atenci\u00f3n en los obst\u00e1culos que enfrentan los j\u00f3venes con discapacidad. Mediante conferencias, talleres y una mesa redonda, se facilit\u00f3 el encuentro entre j\u00f3venes, profesionales y entidades comprometidas con la inclusi\u00f3n, promoviendo iniciativas que fortalezcan su integraci\u00f3n social.<\/p>\n\n\n\n<figure class=\"wp-block-image size-full\"><img decoding=\"async\" loading=\"lazy\" width=\"1050\" height=\"690\" src=\"http:\/\/www.incluverso-5g.es\/wp-content\/uploads\/2025\/10\/AIESEC-Foto-1.jpg\" alt=\"\" class=\"wp-image-645\"\/><\/figure>\n\n\n\n<p>En este sentido, Pablo P\u00e9rez (Nokia XR Lab) y Jes\u00fas Guti\u00e9rrez (UPM) presentaron c\u00f3mo se trabaja hacia un Metaverso inclusivo, abordando el dise\u00f1o de tecnolog\u00edas accesibles desde el comienzo y trabajando directamente junto a colectivos vulnerables, como se hace en el proyecto Incluverso 5G. De esta forma, es posible mejorar la experiencia de todos los usuarios y aumentar el impacto social de la investigaci\u00f3n en innovaci\u00f3n.&nbsp;&nbsp;&nbsp;<\/p>\n\n\n\n<figure class=\"wp-block-image size-full\"><img decoding=\"async\" loading=\"lazy\" width=\"1644\" height=\"2191\" src=\"http:\/\/www.incluverso-5g.es\/wp-content\/uploads\/2025\/10\/AIESEC-Foto-2.jpg\" alt=\"\" class=\"wp-image-644\"\/><\/figure>\n\n\n\n<div class=\"wp-block-file\"><object class=\"wp-block-file__embed\" data=\"http:\/\/www.incluverso-5g.es\/wp-content\/uploads\/2025\/10\/Incluverse_AIESEC.pdf\" type=\"application\/pdf\" style=\"width:100%;height:600px\" aria-label=\"Incrustado de Incluverse_AIESEC.\"><\/object><a id=\"wp-block-file--media-d29f8817-f6c4-4155-a9b2-3e0031a6d68b\" href=\"http:\/\/www.incluverso-5g.es\/wp-content\/uploads\/2025\/10\/Incluverse_AIESEC.pdf\">Incluverse_AIESEC<\/a><a href=\"http:\/\/www.incluverso-5g.es\/wp-content\/uploads\/2025\/10\/Incluverse_AIESEC.pdf\" class=\"wp-block-file__button wp-element-button\" download aria-describedby=\"wp-block-file--media-d29f8817-f6c4-4155-a9b2-3e0031a6d68b\">Descarga<\/a><\/div>\n","protected":false},"excerpt":{"rendered":"<p>El pasado 4 de abril se celebr\u00f3 el YouthSpeak Forum 2025 en la Escuela T\u00e9cnica superior de Ingenieros de Telecomunicaci\u00f3n (ETSIT) de [&hellip;]<\/p>\n","protected":false},"author":1,"featured_media":0,"comment_status":"open","ping_status":"open","sticky":false,"template":"","format":"standard","meta":{"footnotes":""},"categories":[1],"tags":[],"_links":{"self":[{"href":"http:\/\/www.incluverso-5g.es\/index.php?rest_route=\/wp\/v2\/posts\/646"}],"collection":[{"href":"http:\/\/www.incluverso-5g.es\/index.php?rest_route=\/wp\/v2\/posts"}],"about":[{"href":"http:\/\/www.incluverso-5g.es\/index.php?rest_route=\/wp\/v2\/types\/post"}],"author":[{"embeddable":true,"href":"http:\/\/www.incluverso-5g.es\/index.php?rest_route=\/wp\/v2\/users\/1"}],"replies":[{"embeddable":true,"href":"http:\/\/www.incluverso-5g.es\/index.php?rest_route=%2Fwp%2Fv2%2Fcomments&post=646"}],"version-history":[{"count":3,"href":"http:\/\/www.incluverso-5g.es\/index.php?rest_route=\/wp\/v2\/posts\/646\/revisions"}],"predecessor-version":[{"id":650,"href":"http:\/\/www.incluverso-5g.es\/index.php?rest_route=\/wp\/v2\/posts\/646\/revisions\/650"}],"wp:attachment":[{"href":"http:\/\/www.incluverso-5g.es\/index.php?rest_route=%2Fwp%2Fv2%2Fmedia&parent=646"}],"wp:term":[{"taxonomy":"category","embeddable":true,"href":"http:\/\/www.incluverso-5g.es\/index.php?rest_route=%2Fwp%2Fv2%2Fcategories&post=646"},{"taxonomy":"post_tag","embeddable":true,"href":"http:\/\/www.incluverso-5g.es\/index.php?rest_route=%2Fwp%2Fv2%2Ftags&post=646"}],"curies":[{"name":"wp","href":"https:\/\/api.w.org\/{rel}","templated":true}]}}