{"id":596,"date":"2025-09-17T09:57:15","date_gmt":"2025-09-17T09:57:15","guid":{"rendered":"http:\/\/www.incluverso-5g.es\/?p=596"},"modified":"2025-09-24T10:05:28","modified_gmt":"2025-09-24T10:05:28","slug":"ceapt-imserso","status":"publish","type":"post","link":"http:\/\/www.incluverso-5g.es\/?p=596","title":{"rendered":"CEAPT &#8211; Imserso"},"content":{"rendered":"\n<p>El 17 de septiembre de 2025, Ainhoa Fern\u00e1ndez, psic\u00f3loga trabajando en la Fundaci\u00f3n Juan XXIII Roncalli, una participante del caso de uso de teleformaci\u00f3n y Marta Orduna, investigadora en Nokia XR Lab, tuvieron la oportunidad de participar en las jornadas organizadas por el Centro de referencia Estatal de Autonom\u00eda Personal y Ayudas T\u00e9cnicas (CEAPAT) del Imserso bajo el t\u00edtulo <em>\u201cTecnolog\u00edas habilitadoras, personas con discapacidad y personas mayores\u201d<\/em>, donde presentaron el proyecto Incluverso-5G que se desarrolla en el centro ocupacional de Fundaci\u00f3n Juan XXIII, en colaboraci\u00f3n con Nokia.&nbsp;&nbsp;<\/p>\n\n\n\n<p>El caso de uso del proyecto, centrado en el uso de tecnolog\u00edas de realidad extendida (XR) para la teleformaci\u00f3n en cocina, tiene como objetivo ampliar las oportunidades de formaci\u00f3n e inserci\u00f3n laboral para personas con discapacidad intelectual, facilitando el aprendizaje de habilidades profesionales en entornos seguros, accesibles y adaptados a sus necesidades.&nbsp;<\/p>\n\n\n\n<p>Durante la intervenci\u00f3n, se expuso c\u00f3mo se ha dise\u00f1ado esta herramienta de forma participativa, contando desde el inicio con la implicaci\u00f3n activa de las personas a las que va dirigida. Una de ellas, participante directa en el proyecto, comparti\u00f3 su experiencia en primera persona ante el p\u00fablico, demostrando el impacto real que este tipo de iniciativas pueden tener en la vida de las personas con discapacidad.&nbsp;<\/p>\n\n\n\n<p>Esta presentaci\u00f3n no solo fue una oportunidad para mostrar los avances tecnol\u00f3gicos aplicados a la inclusi\u00f3n, sino tambi\u00e9n para visibilizar el papel protagonista que deben tener las personas con discapacidad en el dise\u00f1o y desarrollo de soluciones que les afectan directamente.&nbsp;<\/p>\n\n\n\n<p>Desde el equipo INCLUVERSO 5G agradecemos al CEAPAT-Imserso por su confianza y posibilidad para visibilizar nuestro trabajo, aprender del resto de ponencias que nos animan a seguir trabajando para que la tecnolog\u00eda sea una herramienta real de igualdad de oportunidades e inclusi\u00f3n social.&nbsp;<\/p>\n\n\n\n<p>M\u00e1s enlaces de inter\u00e9s:&nbsp;<\/p>\n\n\n\n<p><\/p>\n\n\n\n<p><a href=\"https:\/\/ceapat.imserso.es\/web\/ceapat\/agenda\/agenda-dia?p_p_id=com_grupoica_publicador_PublicadorPortlet_INSTANCE_Gb7pEh7PHFAA&amp;p_p_lifecycle=0&amp;p_p_state=normal&amp;p_p_mode=view&amp;_com_grupoica_publicador_PublicadorPortlet_INSTANCE_Gb7pEh7PHFAA_fechainicioevento=17-09-2025#evento_id_10014850\">https:\/\/ceapat.imserso.es\/web\/ceapat\/agenda\/agenda-dia?p_p_id=com_grupoica_publicador_PublicadorPortlet_INSTANCE_Gb7pEh7PHFAA&amp;p_p_lifecycle=0&amp;p_p_state=normal&amp;p_p_mode=view&amp;_com_grupoica_publicador_PublicadorPortlet_INSTANCE_Gb7pEh7PHFAA_fechainicioevento=17-09-2025#evento_id_10014850<\/a><\/p>\n\n\n\n<p><a href=\"https:\/\/balancesociosanitario.com\/actualidad\/el-ceapat-aborda-la-inclusion-de-las-personas-mayores\/\">https:\/\/balancesociosanitario.com\/actualidad\/el-ceapat-aborda-la-inclusion-de-las-personas-mayores\/<\/a><\/p>\n\n\n\n<figure class=\"wp-block-image size-full\"><img decoding=\"async\" loading=\"lazy\" width=\"1600\" height=\"1204\" src=\"http:\/\/www.incluverso-5g.es\/wp-content\/uploads\/2025\/09\/CEAPAT-Imserso-916b4775-b4a7-4953-af32-c4f9d4e40342.jpg\" alt=\"\" class=\"wp-image-600\"\/><\/figure>\n\n\n\n<figure class=\"wp-block-image size-full\"><img decoding=\"async\" loading=\"lazy\" width=\"1600\" height=\"1200\" src=\"http:\/\/www.incluverso-5g.es\/wp-content\/uploads\/2025\/09\/CEAPAT-Imserso-logos_agradecimiento.jpg\" alt=\"\" class=\"wp-image-598\"\/><\/figure>\n","protected":false},"excerpt":{"rendered":"<p>El 17 de septiembre de 2025, Ainhoa Fern\u00e1ndez, psic\u00f3loga trabajando en la Fundaci\u00f3n Juan XXIII Roncalli, una participante del caso de uso [&hellip;]<\/p>\n","protected":false},"author":1,"featured_media":0,"comment_status":"open","ping_status":"open","sticky":false,"template":"","format":"standard","meta":{"footnotes":""},"categories":[1],"tags":[],"_links":{"self":[{"href":"http:\/\/www.incluverso-5g.es\/index.php?rest_route=\/wp\/v2\/posts\/596"}],"collection":[{"href":"http:\/\/www.incluverso-5g.es\/index.php?rest_route=\/wp\/v2\/posts"}],"about":[{"href":"http:\/\/www.incluverso-5g.es\/index.php?rest_route=\/wp\/v2\/types\/post"}],"author":[{"embeddable":true,"href":"http:\/\/www.incluverso-5g.es\/index.php?rest_route=\/wp\/v2\/users\/1"}],"replies":[{"embeddable":true,"href":"http:\/\/www.incluverso-5g.es\/index.php?rest_route=%2Fwp%2Fv2%2Fcomments&post=596"}],"version-history":[{"count":2,"href":"http:\/\/www.incluverso-5g.es\/index.php?rest_route=\/wp\/v2\/posts\/596\/revisions"}],"predecessor-version":[{"id":601,"href":"http:\/\/www.incluverso-5g.es\/index.php?rest_route=\/wp\/v2\/posts\/596\/revisions\/601"}],"wp:attachment":[{"href":"http:\/\/www.incluverso-5g.es\/index.php?rest_route=%2Fwp%2Fv2%2Fmedia&parent=596"}],"wp:term":[{"taxonomy":"category","embeddable":true,"href":"http:\/\/www.incluverso-5g.es\/index.php?rest_route=%2Fwp%2Fv2%2Fcategories&post=596"},{"taxonomy":"post_tag","embeddable":true,"href":"http:\/\/www.incluverso-5g.es\/index.php?rest_route=%2Fwp%2Fv2%2Ftags&post=596"}],"curies":[{"name":"wp","href":"https:\/\/api.w.org\/{rel}","templated":true}]}}