{"id":557,"date":"2025-08-28T10:14:54","date_gmt":"2025-08-28T10:14:54","guid":{"rendered":"http:\/\/www.incluverso-5g.es\/?p=557"},"modified":"2025-08-28T13:46:14","modified_gmt":"2025-08-28T13:46:14","slug":"celebracion-de-la-excelencia-en-el-colegio-jesus-maria-juan-bravo","status":"publish","type":"post","link":"http:\/\/www.incluverso-5g.es\/?p=557","title":{"rendered":"Celebraci\u00f3n de la Excelencia en el Colegio Jes\u00fas Mar\u00eda Juan Bravo"},"content":{"rendered":"\n<p>El pasado 26 de mayo, el Colegio Jes\u00fas Mar\u00eda Juan Bravo se visti\u00f3 de gala para la entrega de los Premios de Excelencia, un evento que destac\u00f3 el compromiso con el lema \u00abBuscad siempre la excelencia y, con ella, la felicidad de los dem\u00e1s\u00bb. En esta ocasi\u00f3n especial, Mar\u00eda Nava Ru\u00edz, psic\u00f3loga, y Marta Orduna Cortillas, doctora ingeniera de telecomunicaci\u00f3n, presentaron el innovador proyecto INCLUVERSO 5G, un ejemplo inspirador de c\u00f3mo la tecnolog\u00eda puede ser utilizada para mejorar la vida de las personas con vulnerabilidad psicosocial.&nbsp;<\/p>\n\n\n\n<p>Para los estudiantes, conocer un proyecto real de tecnolog\u00eda centrado en personas con discapacidad intelectual representa una oportunidad \u00fanica de motivarse e inspirarse para su futuro. Este tipo de iniciativas no solo fomenta el desarrollo de la empat\u00eda y el entendimiento de las necesidades de los dem\u00e1s, sino que promueve y visibiliza un lado m\u00e1s inclusivo y humanitario de la tecnolog\u00eda.&nbsp;<\/p>\n\n\n\n<p>Mar\u00eda Nava Ru\u00edz, como psic\u00f3loga, ha dedicado su carrera a comprender y mejorar el bienestar emocional y social de las personas. Su participaci\u00f3n en INCLUVERSO 5G refleja su compromiso con la inclusi\u00f3n y su habilidad para integrar aspectos psicol\u00f3gicos en proyectos tecnol\u00f3gicos.&nbsp;<\/p>\n\n\n\n<p>Por otro lado, Marta Orduna Cortillas, ingeniera de telecomunicaciones, aporta su experiencia en el desarrollo de soluciones tecnol\u00f3gicas avanzadas. Su trayectoria est\u00e1 marcada por la innovaci\u00f3n y el deseo de utilizar la tecnolog\u00eda para resolver problemas reales, haciendo de INCLUVERSO 5G un ejemplo de c\u00f3mo la ingenier\u00eda puede ser una herramienta poderosa para el cambio social.&nbsp;<\/p>\n\n\n\n<p>Durante la ceremonia, ambas participaron en la entrega de premios en la que se premiaron a los\/as estudiantes de ESO y bachillerato con los mejores expedientes acad\u00e9micos, as\u00ed como aquellos\/as que demostraron un esfuerzo personal excepcional y creatividad. El claustro de profesores y la direcci\u00f3n del colegio reconocieron el talento y dedicaci\u00f3n de los\/as j\u00f3venes, incentiv\u00e1ndoles a seguir buscando la excelencia en sus estudios y acciones.&nbsp;<\/p>\n\n\n\n<p>Este evento no solo celebra los logros acad\u00e9micos, sino que tambi\u00e9n subraya la importancia de utilizar el conocimiento y el esfuerzo personal para contribuir al bienestar de la sociedad, inspirando a las futuras generaciones a seguir este camino de excelencia y servicio.&nbsp;<\/p>\n\n\n\n<p><\/p>\n\n\n\n<figure class=\"wp-block-image size-full\"><img decoding=\"async\" loading=\"lazy\" width=\"4032\" height=\"3024\" src=\"http:\/\/www.incluverso-5g.es\/wp-content\/uploads\/2025\/08\/Colegio-Jesus-Maria-Juan-Bravo-IMG_2652.png\" alt=\"\" class=\"wp-image-591\"\/><\/figure>\n\n\n\n<figure class=\"wp-block-image size-full\"><img decoding=\"async\" loading=\"lazy\" width=\"4284\" height=\"5712\" src=\"http:\/\/www.incluverso-5g.es\/wp-content\/uploads\/2025\/08\/Colegio-Jesus-Maria-Juan-Bravo-IMG_6052.png\" alt=\"\" class=\"wp-image-592\"\/><\/figure>\n\n\n\n<figure class=\"wp-block-image size-full\"><img decoding=\"async\" loading=\"lazy\" width=\"4284\" height=\"5712\" src=\"http:\/\/www.incluverso-5g.es\/wp-content\/uploads\/2025\/08\/Colegio-Jesus-Maria-Juan-Bravo-IMG_6055.png\" alt=\"\" class=\"wp-image-590\"\/><\/figure>\n","protected":false},"excerpt":{"rendered":"<p>El pasado 26 de mayo, el Colegio Jes\u00fas Mar\u00eda Juan Bravo se visti\u00f3 de gala para la entrega de los Premios de [&hellip;]<\/p>\n","protected":false},"author":1,"featured_media":0,"comment_status":"open","ping_status":"open","sticky":false,"template":"","format":"standard","meta":{"footnotes":""},"categories":[1],"tags":[],"_links":{"self":[{"href":"http:\/\/www.incluverso-5g.es\/index.php?rest_route=\/wp\/v2\/posts\/557"}],"collection":[{"href":"http:\/\/www.incluverso-5g.es\/index.php?rest_route=\/wp\/v2\/posts"}],"about":[{"href":"http:\/\/www.incluverso-5g.es\/index.php?rest_route=\/wp\/v2\/types\/post"}],"author":[{"embeddable":true,"href":"http:\/\/www.incluverso-5g.es\/index.php?rest_route=\/wp\/v2\/users\/1"}],"replies":[{"embeddable":true,"href":"http:\/\/www.incluverso-5g.es\/index.php?rest_route=%2Fwp%2Fv2%2Fcomments&post=557"}],"version-history":[{"count":3,"href":"http:\/\/www.incluverso-5g.es\/index.php?rest_route=\/wp\/v2\/posts\/557\/revisions"}],"predecessor-version":[{"id":593,"href":"http:\/\/www.incluverso-5g.es\/index.php?rest_route=\/wp\/v2\/posts\/557\/revisions\/593"}],"wp:attachment":[{"href":"http:\/\/www.incluverso-5g.es\/index.php?rest_route=%2Fwp%2Fv2%2Fmedia&parent=557"}],"wp:term":[{"taxonomy":"category","embeddable":true,"href":"http:\/\/www.incluverso-5g.es\/index.php?rest_route=%2Fwp%2Fv2%2Fcategories&post=557"},{"taxonomy":"post_tag","embeddable":true,"href":"http:\/\/www.incluverso-5g.es\/index.php?rest_route=%2Fwp%2Fv2%2Ftags&post=557"}],"curies":[{"name":"wp","href":"https:\/\/api.w.org\/{rel}","templated":true}]}}