{"id":547,"date":"2025-08-28T10:04:52","date_gmt":"2025-08-28T10:04:52","guid":{"rendered":"http:\/\/www.incluverso-5g.es\/?p=547"},"modified":"2025-08-28T10:12:10","modified_gmt":"2025-08-28T10:12:10","slug":"acmimx25","status":"publish","type":"post","link":"http:\/\/www.incluverso-5g.es\/?p=547","title":{"rendered":"ACMIMX25"},"content":{"rendered":"\n<p>Marta Goyena Morata y Matteo Dal Magro, investigadores del eXtended Reality Lab (XR Lab) de Nokia, junto a Jes\u00fas Guti\u00e9rrez S\u00e1nchez, investigador del Grupo de Tratamiento de Im\u00e1genes de la UPM, representaron al equipo de INCLUVERSO 5G en la ACM International Conference on Interactive Media Experiences (<a href=\"https:\/\/imx.acm.org\/2025\/\" target=\"_blank\" rel=\"noreferrer noopener\">IMX<\/a>), celebrada en Rio de Janeiro (Brasil) del 3 al 6 de junio 2025. Durante estos d\u00edas presentaron las actividades del proyecto que muestran la importancia de la adaptaci\u00f3n de las tecnolog\u00edas de realidad extendida para personas con discapacidad intelectual.&nbsp;<\/p>\n\n\n\n<p>Jes\u00fas Guti\u00e9rrez fue el keynote speaker del taller \u201cInteraction and Storytelling with(in) Immersive Media\u201d (ISIM), donde explic\u00f3 diversas tem\u00e1ticas de su trabajo y finaliz\u00f3 con una presentaci\u00f3n sobre el proyecto Incluverso\u202f5G.&nbsp;<\/p>\n\n\n\n<p>Matteo Dal Magro imparti\u00f3 la charla \u201cImmersive Telepresence in Assisted Living Apartments\u201d, donde present\u00f3 el prototipo Snowl, su desarrollo y c\u00f3mo se adapta a la telepresencia inmersiva en pisos tutelados. Esta intervenci\u00f3n se enmarc\u00f3 en la secci\u00f3n Industry-at-IMX, dedicada a presentaciones de empresas.&nbsp;<\/p>\n\n\n\n<p>Marta Goyena present\u00f3 su technical paper \u201cA Study on Immersive Behavioral Therapy for Individuals with Intellectual Disabilities with Fear of Stairs\u201d en el que expuso el desarrollo y resultados del caso de uso sobre terapia conductual para el tratamiento de la fobia a las escaleras en personas con discapacidad intelectual.&nbsp;<\/p>\n\n\n\n<p>Adem\u00e1s, los tres, presentaron la demo \u201cImmersive Cognitive Training for Job Integration with people with Intellectual Disabilities\u201d ense\u00f1ando la aplicaci\u00f3n desarrollada para el caso de uso de terapia cognitiva. La demo suscit\u00f3 mucho inter\u00e9s por su enfoque y tem\u00e1tica, y obtuvo el \u201cBest Demo Award\u201d en la conferencia.&nbsp;<\/p>\n\n\n\n<p>Se percibi\u00f3 un notable nivel de inter\u00e9s por parte de los asistentes, las sesiones propiciaron interacciones constructivas tanto con profesionales como con acad\u00e9micos, creando un ambiente propicio para reflexionar y avanzar en el uso de tecnolog\u00edas inmersivas.&nbsp;<\/p>\n\n\n\n<figure class=\"wp-block-image size-full\"><img decoding=\"async\" loading=\"lazy\" width=\"4624\" height=\"3472\" src=\"http:\/\/www.incluverso-5g.es\/wp-content\/uploads\/2025\/08\/ACMIMX25-WhatsApp-Image-2025-07-17-at-17.55.03.jpeg\" alt=\"\" class=\"wp-image-552\"\/><\/figure>\n\n\n\n<figure class=\"wp-block-image size-full\"><img decoding=\"async\" loading=\"lazy\" width=\"1600\" height=\"1201\" src=\"http:\/\/www.incluverso-5g.es\/wp-content\/uploads\/2025\/08\/ACMIMX25-WhatsApp-Image-2025-07-17-at-17.59.34.jpeg\" alt=\"\" class=\"wp-image-549\"\/><\/figure>\n\n\n\n<figure class=\"wp-block-image size-full\"><img decoding=\"async\" loading=\"lazy\" width=\"2048\" height=\"1537\" src=\"http:\/\/www.incluverso-5g.es\/wp-content\/uploads\/2025\/08\/ACMIMX25-WhatsApp-Image-2025-07-17-at-17.57.34.jpeg\" alt=\"\" class=\"wp-image-550\"\/><\/figure>\n\n\n\n<p>Publicaciones cient\u00edficas:&nbsp;<\/p>\n\n\n\n<p><a href=\"https:\/\/dl.acm.org\/doi\/10.1145\/3706370.3727851\">https:\/\/dl.acm.org\/doi\/10.1145\/3706370.3727851<\/a><\/p>\n\n\n\n<p><a href=\"https:\/\/dl.acm.org\/doi\/10.1145\/3706370.3731707\">https:\/\/dl.acm.org\/doi\/10.1145\/3706370.3731707<\/a><\/p>\n","protected":false},"excerpt":{"rendered":"<p>Marta Goyena Morata y Matteo Dal Magro, investigadores del eXtended Reality Lab (XR Lab) de Nokia, junto a Jes\u00fas Guti\u00e9rrez S\u00e1nchez, investigador [&hellip;]<\/p>\n","protected":false},"author":1,"featured_media":0,"comment_status":"open","ping_status":"open","sticky":false,"template":"","format":"standard","meta":{"footnotes":""},"categories":[1],"tags":[],"_links":{"self":[{"href":"http:\/\/www.incluverso-5g.es\/index.php?rest_route=\/wp\/v2\/posts\/547"}],"collection":[{"href":"http:\/\/www.incluverso-5g.es\/index.php?rest_route=\/wp\/v2\/posts"}],"about":[{"href":"http:\/\/www.incluverso-5g.es\/index.php?rest_route=\/wp\/v2\/types\/post"}],"author":[{"embeddable":true,"href":"http:\/\/www.incluverso-5g.es\/index.php?rest_route=\/wp\/v2\/users\/1"}],"replies":[{"embeddable":true,"href":"http:\/\/www.incluverso-5g.es\/index.php?rest_route=%2Fwp%2Fv2%2Fcomments&post=547"}],"version-history":[{"count":3,"href":"http:\/\/www.incluverso-5g.es\/index.php?rest_route=\/wp\/v2\/posts\/547\/revisions"}],"predecessor-version":[{"id":556,"href":"http:\/\/www.incluverso-5g.es\/index.php?rest_route=\/wp\/v2\/posts\/547\/revisions\/556"}],"wp:attachment":[{"href":"http:\/\/www.incluverso-5g.es\/index.php?rest_route=%2Fwp%2Fv2%2Fmedia&parent=547"}],"wp:term":[{"taxonomy":"category","embeddable":true,"href":"http:\/\/www.incluverso-5g.es\/index.php?rest_route=%2Fwp%2Fv2%2Fcategories&post=547"},{"taxonomy":"post_tag","embeddable":true,"href":"http:\/\/www.incluverso-5g.es\/index.php?rest_route=%2Fwp%2Fv2%2Ftags&post=547"}],"curies":[{"name":"wp","href":"https:\/\/api.w.org\/{rel}","templated":true}]}}