{"id":543,"date":"2025-08-28T09:55:41","date_gmt":"2025-08-28T09:55:41","guid":{"rendered":"http:\/\/www.incluverso-5g.es\/?p=543"},"modified":"2025-08-28T09:55:41","modified_gmt":"2025-08-28T09:55:41","slug":"pint-of-science","status":"publish","type":"post","link":"http:\/\/www.incluverso-5g.es\/?p=543","title":{"rendered":"Pint of Science"},"content":{"rendered":"\n<p>Marta Goyena Morata, Matteo Dal Magro investigadores del eXtended Reality Lab (XR Lab) de Nokia, junto a Carlos Cort\u00e9s S\u00e1nchez, investigador del Grupo de Tratamiento de Im\u00e1genes de la UPM, representaron al equipo de INCLUVERSO 5G en la serie de charlas Pint Of Science (<a href=\"https:\/\/pintofscience.es\/\" target=\"_blank\" rel=\"noreferrer noopener\">Pint Of Science<\/a>), celebrada en Madrid del 19 al 21 de mayo 2025. Durante este evento presentaron tres casos de uso del proyecto, abordando los retos y la relevancia de adaptar las tecnolog\u00edas de realidad extendida para personas con discapacidad intelectual.&nbsp;<\/p>\n\n\n\n<p>Marta Goyena present\u00f3 el caso de uso de terapia comportamental para tratar la fobia a las escaleras en personas con discapacidad intelectual.&nbsp;<\/p>\n\n\n\n<p>Matteo Dal Magro present\u00f3 el caso de uso de terapia cognitiva pare el entrenamiento pre-laboral.&nbsp;<\/p>\n\n\n\n<p>Carlos Cort\u00e9s termin\u00f3 la charla con el caso de uso de teleformaci\u00f3n orientada a la inserci\u00f3n laboral.&nbsp;<\/p>\n\n\n\n<p>La presentaci\u00f3n fue un \u00e9xito, atrayendo a un p\u00fablico diverso e interesado en las aplicaciones sociales de la tecnolog\u00eda. Las presentaciones generaron un animado debate y numerosas preguntas por parte de los asistentes, quienes mostraron un gran inter\u00e9s por el potencial de la realidad extendida para mejorar la calidad de vida de las personas con discapacidad intelectual.&nbsp;<\/p>\n\n\n\n<figure class=\"wp-block-image size-full\"><img decoding=\"async\" loading=\"lazy\" width=\"2048\" height=\"1536\" src=\"http:\/\/www.incluverso-5g.es\/wp-content\/uploads\/2025\/08\/Pint-Of-Science-foto-1.jpeg\" alt=\"\" class=\"wp-image-545\"\/><\/figure>\n","protected":false},"excerpt":{"rendered":"<p>Marta Goyena Morata, Matteo Dal Magro investigadores del eXtended Reality Lab (XR Lab) de Nokia, junto a Carlos Cort\u00e9s S\u00e1nchez, investigador del [&hellip;]<\/p>\n","protected":false},"author":1,"featured_media":0,"comment_status":"open","ping_status":"open","sticky":false,"template":"","format":"standard","meta":{"footnotes":""},"categories":[1],"tags":[],"_links":{"self":[{"href":"http:\/\/www.incluverso-5g.es\/index.php?rest_route=\/wp\/v2\/posts\/543"}],"collection":[{"href":"http:\/\/www.incluverso-5g.es\/index.php?rest_route=\/wp\/v2\/posts"}],"about":[{"href":"http:\/\/www.incluverso-5g.es\/index.php?rest_route=\/wp\/v2\/types\/post"}],"author":[{"embeddable":true,"href":"http:\/\/www.incluverso-5g.es\/index.php?rest_route=\/wp\/v2\/users\/1"}],"replies":[{"embeddable":true,"href":"http:\/\/www.incluverso-5g.es\/index.php?rest_route=%2Fwp%2Fv2%2Fcomments&post=543"}],"version-history":[{"count":2,"href":"http:\/\/www.incluverso-5g.es\/index.php?rest_route=\/wp\/v2\/posts\/543\/revisions"}],"predecessor-version":[{"id":546,"href":"http:\/\/www.incluverso-5g.es\/index.php?rest_route=\/wp\/v2\/posts\/543\/revisions\/546"}],"wp:attachment":[{"href":"http:\/\/www.incluverso-5g.es\/index.php?rest_route=%2Fwp%2Fv2%2Fmedia&parent=543"}],"wp:term":[{"taxonomy":"category","embeddable":true,"href":"http:\/\/www.incluverso-5g.es\/index.php?rest_route=%2Fwp%2Fv2%2Fcategories&post=543"},{"taxonomy":"post_tag","embeddable":true,"href":"http:\/\/www.incluverso-5g.es\/index.php?rest_route=%2Fwp%2Fv2%2Ftags&post=543"}],"curies":[{"name":"wp","href":"https:\/\/api.w.org\/{rel}","templated":true}]}}