{"id":531,"date":"2024-12-11T05:38:15","date_gmt":"2024-12-11T05:38:15","guid":{"rendered":"http:\/\/www.incluverso-5g.es\/?p=531"},"modified":"2025-05-13T05:41:45","modified_gmt":"2025-05-13T05:41:45","slug":"i-jornadas-de-innovacion-en-enfermeria-ia-y-realidad-virtual-para-el-futuro-del-cuidado-2","status":"publish","type":"post","link":"http:\/\/www.incluverso-5g.es\/?p=531","title":{"rendered":"I Jornadas de Innovaci\u00f3n en Enfermer\u00eda: IA y realidad virtual para el futuro del cuidado\u00a0"},"content":{"rendered":"\n<p>Murcia, 11 de diciembre de 2024 &#8211; Expertos en Inteligencia Artificial (IA) y Realidad Virtual (VR) se reunieron en las \u00abI Jornadas de Innovaci\u00f3n en Enfermer\u00eda: IA y realidad virtual para el futuro del cuidado\u00bb, organizadas por el Colegio Oficial de Enfermer\u00eda de la Regi\u00f3n de Murcia, en colaboraci\u00f3n con el Colegio de Graduados e Ingenieros T\u00e9cnicos de Telecomunicaci\u00f3n de la Comunidad Aut\u00f3noma de la Regi\u00f3n de Murcia y la Fundaci\u00f3n Integra Digital.&nbsp;<\/p>\n\n\n\n<div class=\"wp-block-file\"><object class=\"wp-block-file__embed\" data=\"http:\/\/www.incluverso-5g.es\/wp-content\/uploads\/2025\/05\/Murcia-enfermeria-Programa-jornada-IA-11-diciembre-1-1-1.pdf\" type=\"application\/pdf\" style=\"width:100%;height:600px\" aria-label=\"Incrustado de Murcia enfermeria Programa-jornada-IA-11-diciembre-1 (1) (1).\"><\/object><a id=\"wp-block-file--media-e279be7f-9118-480c-9336-3e60a06c38ef\" href=\"http:\/\/www.incluverso-5g.es\/wp-content\/uploads\/2025\/05\/Murcia-enfermeria-Programa-jornada-IA-11-diciembre-1-1-1.pdf\">Murcia enfermeria Programa-jornada-IA-11-diciembre-1 (1) (1)<\/a><a href=\"http:\/\/www.incluverso-5g.es\/wp-content\/uploads\/2025\/05\/Murcia-enfermeria-Programa-jornada-IA-11-diciembre-1-1-1.pdf\" class=\"wp-block-file__button wp-element-button\" download aria-describedby=\"wp-block-file--media-e279be7f-9118-480c-9336-3e60a06c38ef\">Descarga<\/a><\/div>\n\n\n\n<p>El evento, inaugurado por el consejero de Salud, Juan Jos\u00e9 Pedre\u00f1o, abord\u00f3 la necesidad de integrar estas tecnolog\u00edas en la pr\u00e1ctica enfermera para impulsar la evoluci\u00f3n y el progreso de la profesi\u00f3n.&nbsp;<\/p>\n\n\n\n<p>En el evento, el investigador Pablo P\u00e9rez, fue invitado a participar en una mesa redonda en el que se presentaron proyectos innovadores en el sector sanitario. Fue moderada por Eva M\u00aa P\u00e9rez, enfermera especialista en riesgos NBQ. Comparti\u00f3 esta mesa con Mar\u00eda Dolores Ojados (Servicio de Dise\u00f1o Industrial y C\u00e1lculo Cient\u00edfico del SAIT y FABLAB) y Mar\u00eda Eugenia Requena (Cella Medical Solutions).&nbsp;<\/p>\n\n\n\n<figure class=\"wp-block-image size-full\"><img decoding=\"async\" loading=\"lazy\" width=\"2048\" height=\"1365\" src=\"http:\/\/www.incluverso-5g.es\/wp-content\/uploads\/2025\/05\/Murcia-enfermeria-ARF_0231-2048x1365-1.jpg\" alt=\"\" class=\"wp-image-529\"\/><\/figure>\n\n\n\n<p>La presidenta del Colegio de Enfermer\u00eda de Murcia, Amelia Corominas, clausur\u00f3 las jornadas, enfatizando la importancia de que la Enfermer\u00eda siga avanzando e incorporando herramientas tecnol\u00f3gicas para mejorar las capacidades y habilidades de las enfermeras, con el objetivo final de brindar mejores cuidados a los pacientes. Corominas tambi\u00e9n anunci\u00f3 la creaci\u00f3n de una comisi\u00f3n de Nuevas Tecnolog\u00edas dentro del Colegio.&nbsp;<\/p>\n\n\n\n<p>El evento cont\u00f3 con la presencia del consejero de Salud, Juan Jos\u00e9 Pedre\u00f1o, el Director General de Transformaci\u00f3n Digital de la CARM, Javier Mart\u00ednez Gilabert, y representantes de la Fundaci\u00f3n Integra, adem\u00e1s de miembros de las distintas \u00c1reas de Salud y del SMS.&nbsp;<\/p>\n\n\n\n<p>Desde aqu\u00ed reiteramos el agradecimiento por esta invitaci\u00f3n que ha hecho posible seguir divulgando INCLUVERSO 5G y apreciar la utilidad e impacto que esta tecnolog\u00eda puede tener en la sociedad.&nbsp;&nbsp;<\/p>\n\n\n\n<figure class=\"wp-block-image size-full\"><img decoding=\"async\" loading=\"lazy\" width=\"2048\" height=\"1365\" src=\"http:\/\/www.incluverso-5g.es\/wp-content\/uploads\/2025\/05\/Murcia-enfermeria-ARF_0273-2048x1365-1.jpg\" alt=\"\" class=\"wp-image-528\"\/><\/figure>\n\n\n\n<p>Enlaces adicionales:&nbsp;<\/p>\n\n\n\n<ul>\n<li><a href=\"https:\/\/enfermeriademurcia.org\/jornada-enfermeria-e-ia\/\" target=\"_blank\" rel=\"noreferrer noopener\">https:\/\/enfermeriademurcia.org\/jornada-enfermeria-e-ia\/<\/a>&nbsp;<\/li>\n<\/ul>\n\n\n\n<ul>\n<li><a href=\"https:\/\/www.f-integra.org\/noticias-TIC\/i-jornada-de-enfermeria-en-la-era-de-la-ia-y-la-realidad-virtual-41493\" target=\"_blank\" rel=\"noreferrer noopener\">https:\/\/www.f-integra.org\/noticias-TIC\/i-jornada-de-enfermeria-en-la-era-de-la-ia-y-la-realidad-virtual-41493<\/a>&nbsp;&nbsp;<\/li>\n<\/ul>\n","protected":false},"excerpt":{"rendered":"<p>Murcia, 11 de diciembre de 2024 &#8211; Expertos en Inteligencia Artificial (IA) y Realidad Virtual (VR) se reunieron en las \u00abI Jornadas [&hellip;]<\/p>\n","protected":false},"author":1,"featured_media":0,"comment_status":"open","ping_status":"open","sticky":false,"template":"","format":"standard","meta":{"footnotes":""},"categories":[1],"tags":[],"_links":{"self":[{"href":"http:\/\/www.incluverso-5g.es\/index.php?rest_route=\/wp\/v2\/posts\/531"}],"collection":[{"href":"http:\/\/www.incluverso-5g.es\/index.php?rest_route=\/wp\/v2\/posts"}],"about":[{"href":"http:\/\/www.incluverso-5g.es\/index.php?rest_route=\/wp\/v2\/types\/post"}],"author":[{"embeddable":true,"href":"http:\/\/www.incluverso-5g.es\/index.php?rest_route=\/wp\/v2\/users\/1"}],"replies":[{"embeddable":true,"href":"http:\/\/www.incluverso-5g.es\/index.php?rest_route=%2Fwp%2Fv2%2Fcomments&post=531"}],"version-history":[{"count":2,"href":"http:\/\/www.incluverso-5g.es\/index.php?rest_route=\/wp\/v2\/posts\/531\/revisions"}],"predecessor-version":[{"id":533,"href":"http:\/\/www.incluverso-5g.es\/index.php?rest_route=\/wp\/v2\/posts\/531\/revisions\/533"}],"wp:attachment":[{"href":"http:\/\/www.incluverso-5g.es\/index.php?rest_route=%2Fwp%2Fv2%2Fmedia&parent=531"}],"wp:term":[{"taxonomy":"category","embeddable":true,"href":"http:\/\/www.incluverso-5g.es\/index.php?rest_route=%2Fwp%2Fv2%2Fcategories&post=531"},{"taxonomy":"post_tag","embeddable":true,"href":"http:\/\/www.incluverso-5g.es\/index.php?rest_route=%2Fwp%2Fv2%2Ftags&post=531"}],"curies":[{"name":"wp","href":"https:\/\/api.w.org\/{rel}","templated":true}]}}