{"id":520,"date":"2025-02-20T05:22:52","date_gmt":"2025-02-20T05:22:52","guid":{"rendered":"http:\/\/www.incluverso-5g.es\/?p=520"},"modified":"2026-01-15T09:58:40","modified_gmt":"2026-01-15T09:58:40","slug":"taller-de-diseno-incluverso-uc3m-en-upm","status":"publish","type":"post","link":"http:\/\/www.incluverso-5g.es\/?p=520","title":{"rendered":"Taller de Dise\u00f1o de Incluverso 5G"},"content":{"rendered":"\n<p>El pasado 20 de febrero de 2025, en colaboraci\u00f3n con el grupo de investigaci\u00f3n Interactive Multisensory Body-centred Experiences at the Intersection of Neuroscience &amp; Technology (i_mBODY lab) se organiz\u00f3 en la Escuela T\u00e9cnica Superior de Ingenieros de Telecomunicaci\u00f3n de la Universidad Polit\u00e9cnica de Madrid (UPM) una versi\u00f3n mejorada del taller titulado <em>Incluverso Co-Design Session<\/em>. Este evento se centr\u00f3 en el dise\u00f1o colaborativo de experiencias inmersivas dentro del proyecto Incluverso, utilizando metodolog\u00edas de dise\u00f1o corporeizado para fomentar la innovaci\u00f3n inclusiva.\u00a0<\/p>\n\n\n\n<p>Una de las principales mejoras de esta edici\u00f3n fue que, por primera vez, los propios participantes se encargaron de operar todos los equipos tecnol\u00f3gicos sin necesidad de asistencia externa por parte del equipo organizador, lo que favoreci\u00f3 una mayor autonom\u00eda y una interacci\u00f3n m\u00e1s directa con la tecnolog\u00eda.&nbsp;<\/p>\n\n\n\n<p>El taller se desarroll\u00f3 en tres fases bien definidas. En la primera fase, los participantes asistieron a una sesi\u00f3n de sensibilizaci\u00f3n tecnol\u00f3gica, explorando un prototipo del proyecto Incluverso. Este prototipo consist\u00eda en una herramienta inmersiva dise\u00f1ada para la visualizaci\u00f3n de p\u00edldoras formativas (v\u00eddeos cortos) relacionados con tareas de cocina, brindando una introducci\u00f3n pr\u00e1ctica al potencial de la tecnolog\u00eda XR en la teleformaci\u00f3n.&nbsp;<\/p>\n\n\n\n<p>En la segunda fase, tuvo lugar una sesi\u00f3n de ideaci\u00f3n creativa, en la que los asistentes escenificaron c\u00f3mo podr\u00edan los usuarios interactuar con las p\u00edldoras formativas. Utilizando t\u00e9cnicas de dramatizaci\u00f3n y exploraci\u00f3n, imaginaron diversos escenarios de visualizaci\u00f3n, atendiendo a par\u00e1metros espec\u00edficos que podr\u00edan influir en la experiencia del usuario.&nbsp;<\/p>\n\n\n\n<p>Por \u00faltimo, en la tercera fase, se realiz\u00f3 una discusi\u00f3n grupal sobre las posibles interacciones durante el uso de la herramienta. Bas\u00e1ndose en lo aprendido en la sensibilizaci\u00f3n inicial, los participantes propusieron c\u00f3mo desear\u00edan interactuar con el contenido, explorando m\u00e9todos intuitivos y accesibles de interacci\u00f3n.&nbsp;<\/p>\n\n\n\n<p>En esta ocasi\u00f3n, los participantes fueron investigadores del Nokia XR Lab y estudiantes, quienes aportaron una perspectiva m\u00e1s puramente tecnol\u00f3gica al proceso. Para documentar el taller, se grabaron en v\u00eddeo todas las fases del proceso, adem\u00e1s de realizar entrevistas posteriores y recopilar respuestas a cuestionarios dise\u00f1ados para recoger ideas y opiniones. Este valioso conjunto de datos se utilizar\u00e1 para optimizar la experiencia del usuario en la herramienta de teleformaci\u00f3n del proyecto Incluverso, asegurando que responda a las necesidades y preferencias de su p\u00fablico objetivo.\u00a0<\/p>\n\n\n\n<p>La <em>Incluverso Co-Design Session<\/em> fue un \u00e9xito, subrayando el valor del dise\u00f1o colaborativo y el enfoque centrado en el usuario para desarrollar tecnolog\u00edas XR que promuevan la inclusi\u00f3n y la educaci\u00f3n inmersiva.&nbsp;<\/p>\n\n\n\n<figure class=\"wp-block-image aligncenter size-full\"><img decoding=\"async\" loading=\"lazy\" width=\"384\" height=\"512\" src=\"http:\/\/www.incluverso-5g.es\/wp-content\/uploads\/2025\/05\/TallerDisenoIncluverso-noticia1.png\" alt=\"\" class=\"wp-image-518\"\/><\/figure>\n\n\n\n<figure class=\"wp-block-image aligncenter size-full\"><img decoding=\"async\" loading=\"lazy\" width=\"512\" height=\"220\" src=\"http:\/\/www.incluverso-5g.es\/wp-content\/uploads\/2025\/05\/TallerDisenoIncluverso-noticia2.png\" alt=\"\" class=\"wp-image-517\"\/><\/figure>\n\n\n\n<figure class=\"wp-block-image aligncenter size-full\"><img decoding=\"async\" loading=\"lazy\" width=\"512\" height=\"285\" src=\"http:\/\/www.incluverso-5g.es\/wp-content\/uploads\/2025\/05\/TallerDisenoIncluverso-noticia3.png\" alt=\"\" class=\"wp-image-516\"\/><\/figure>\n","protected":false},"excerpt":{"rendered":"<p>El pasado 20 de febrero de 2025, en colaboraci\u00f3n con el grupo de investigaci\u00f3n Interactive Multisensory Body-centred Experiences at the Intersection of [&hellip;]<\/p>\n","protected":false},"author":1,"featured_media":0,"comment_status":"open","ping_status":"open","sticky":false,"template":"","format":"standard","meta":{"footnotes":""},"categories":[1],"tags":[],"_links":{"self":[{"href":"http:\/\/www.incluverso-5g.es\/index.php?rest_route=\/wp\/v2\/posts\/520"}],"collection":[{"href":"http:\/\/www.incluverso-5g.es\/index.php?rest_route=\/wp\/v2\/posts"}],"about":[{"href":"http:\/\/www.incluverso-5g.es\/index.php?rest_route=\/wp\/v2\/types\/post"}],"author":[{"embeddable":true,"href":"http:\/\/www.incluverso-5g.es\/index.php?rest_route=\/wp\/v2\/users\/1"}],"replies":[{"embeddable":true,"href":"http:\/\/www.incluverso-5g.es\/index.php?rest_route=%2Fwp%2Fv2%2Fcomments&post=520"}],"version-history":[{"count":3,"href":"http:\/\/www.incluverso-5g.es\/index.php?rest_route=\/wp\/v2\/posts\/520\/revisions"}],"predecessor-version":[{"id":759,"href":"http:\/\/www.incluverso-5g.es\/index.php?rest_route=\/wp\/v2\/posts\/520\/revisions\/759"}],"wp:attachment":[{"href":"http:\/\/www.incluverso-5g.es\/index.php?rest_route=%2Fwp%2Fv2%2Fmedia&parent=520"}],"wp:term":[{"taxonomy":"category","embeddable":true,"href":"http:\/\/www.incluverso-5g.es\/index.php?rest_route=%2Fwp%2Fv2%2Fcategories&post=520"},{"taxonomy":"post_tag","embeddable":true,"href":"http:\/\/www.incluverso-5g.es\/index.php?rest_route=%2Fwp%2Fv2%2Ftags&post=520"}],"curies":[{"name":"wp","href":"https:\/\/api.w.org\/{rel}","templated":true}]}}