{"id":499,"date":"2025-03-08T11:44:00","date_gmt":"2025-03-08T11:44:00","guid":{"rendered":"http:\/\/www.incluverso-5g.es\/?p=499"},"modified":"2025-05-09T11:44:21","modified_gmt":"2025-05-09T11:44:21","slug":"ieeevr25","status":"publish","type":"post","link":"http:\/\/www.incluverso-5g.es\/?p=499","title":{"rendered":"IEEEVR25"},"content":{"rendered":"\n<p>Marta Goyena Morata y Matteo Dal Magro, investigadores del eXtended Reality Lab (XR Lab) de Nokia, junto a Jes\u00fas Guti\u00e9rrez S\u00e1nchez, investigador del Grupo de Tratamiento de Im\u00e1genes de la UPM, representaron al equipo de INCLUVERSO 5G en la IEEE Conference on Virtual Reality and 3D User Interfaces (<a href=\"https:\/\/ieeevr.org\/2025\/\" target=\"_blank\" rel=\"noreferrer noopener\">IEEE VR<\/a>), celebrada en Saint Malo (Francia) del 8 al 12 de marzo 2025. Durante estos d\u00edas presentaron las actividades del proyecto que muestran la importancia de la adaptaci\u00f3n de las tecnolog\u00edas de realidad extendida para personas con discapacidad intelectual.&nbsp;<\/p>\n\n\n\n<p>Durante este evento, Marta Goyena particip\u00f3 en el Doctoral Consortium y present\u00f3 los retos que abordar\u00e1 en su doctorado, iniciando una discusi\u00f3n con expertos en el campo. Adem\u00e1s, present\u00f3 dos casos de uso de la terapia inmersiva desarrollados durante el proyecto: el primero enfocado en el tratamiento de la fobia a las escaleras, y el segundo centrado en el entrenamiento de habilidades cognitivas en personas con discapacidad intelectual.&nbsp;<\/p>\n\n\n\n<p>Adem\u00e1s, Matteo Dal Magro imparti\u00f3 una charla sobre la calidad del eye-tracking y los problemas de calibraci\u00f3n en las gafas utilizadas en el proyecto en el caso de uso de terapia cognitiva para personas con discapacidad intelectual en el II Taller \u201cGaze and Eye Movement in Interaction in XR\u201d (<a href=\"https:\/\/sites.google.com\/view\/w-gemini\" target=\"_blank\" rel=\"noreferrer noopener\">GEMINI<\/a>).&nbsp;<\/p>\n\n\n\n<p>Publicaciones cient\u00edficas:\u00a0<\/p>\n\n\n\n<p><a href=\"https:\/\/ieeexplore.ieee.org\/abstract\/document\/10972898\">https:\/\/ieeexplore.ieee.org\/abstract\/document\/10972898<\/a><\/p>\n\n\n\n<p><a href=\"https:\/\/ieeexplore.ieee.org\/abstract\/document\/10972997\">https:\/\/ieeexplore.ieee.org\/abstract\/document\/10972997<\/a><\/p>\n\n\n\n<figure class=\"wp-block-image size-full\"><img decoding=\"async\" loading=\"lazy\" width=\"1600\" height=\"1200\" src=\"http:\/\/www.incluverso-5g.es\/wp-content\/uploads\/2025\/05\/IEEEVR25-Image-2025-04-23-at-14.29.59.jpeg\" alt=\"\" class=\"wp-image-498\"\/><\/figure>\n\n\n\n<figure class=\"wp-block-image size-full\"><img decoding=\"async\" loading=\"lazy\" width=\"1600\" height=\"1200\" src=\"http:\/\/www.incluverso-5g.es\/wp-content\/uploads\/2025\/05\/IEEEVR25-Image-2025-04-23-at-14.31.09.jpeg\" alt=\"\" class=\"wp-image-493\"\/><\/figure>\n","protected":false},"excerpt":{"rendered":"<p>Marta Goyena Morata y Matteo Dal Magro, investigadores del eXtended Reality Lab (XR Lab) de Nokia, junto a Jes\u00fas Guti\u00e9rrez S\u00e1nchez, investigador [&hellip;]<\/p>\n","protected":false},"author":1,"featured_media":0,"comment_status":"open","ping_status":"open","sticky":false,"template":"","format":"standard","meta":{"footnotes":""},"categories":[1],"tags":[],"_links":{"self":[{"href":"http:\/\/www.incluverso-5g.es\/index.php?rest_route=\/wp\/v2\/posts\/499"}],"collection":[{"href":"http:\/\/www.incluverso-5g.es\/index.php?rest_route=\/wp\/v2\/posts"}],"about":[{"href":"http:\/\/www.incluverso-5g.es\/index.php?rest_route=\/wp\/v2\/types\/post"}],"author":[{"embeddable":true,"href":"http:\/\/www.incluverso-5g.es\/index.php?rest_route=\/wp\/v2\/users\/1"}],"replies":[{"embeddable":true,"href":"http:\/\/www.incluverso-5g.es\/index.php?rest_route=%2Fwp%2Fv2%2Fcomments&post=499"}],"version-history":[{"count":1,"href":"http:\/\/www.incluverso-5g.es\/index.php?rest_route=\/wp\/v2\/posts\/499\/revisions"}],"predecessor-version":[{"id":500,"href":"http:\/\/www.incluverso-5g.es\/index.php?rest_route=\/wp\/v2\/posts\/499\/revisions\/500"}],"wp:attachment":[{"href":"http:\/\/www.incluverso-5g.es\/index.php?rest_route=%2Fwp%2Fv2%2Fmedia&parent=499"}],"wp:term":[{"taxonomy":"category","embeddable":true,"href":"http:\/\/www.incluverso-5g.es\/index.php?rest_route=%2Fwp%2Fv2%2Fcategories&post=499"},{"taxonomy":"post_tag","embeddable":true,"href":"http:\/\/www.incluverso-5g.es\/index.php?rest_route=%2Fwp%2Fv2%2Ftags&post=499"}],"curies":[{"name":"wp","href":"https:\/\/api.w.org\/{rel}","templated":true}]}}