{"id":468,"date":"2025-03-13T14:24:23","date_gmt":"2025-03-13T14:24:23","guid":{"rendered":"http:\/\/www.incluverso-5g.es\/?p=468"},"modified":"2025-03-31T04:57:29","modified_gmt":"2025-03-31T04:57:29","slug":"jornadas-inico-usal","status":"publish","type":"post","link":"http:\/\/www.incluverso-5g.es\/?p=468","title":{"rendered":"Jornadas INICO USAL"},"content":{"rendered":"\n<p>Fundaci\u00f3n Juan XXIII ha presentado el proyecto INCLUVERSO en las XII Jornadas Cient\u00edficas Internacionales de Investigaci\u00f3n sobre Personas con Discapacidad organizadas por el Instituto Universitario de Integraci\u00f3n en la Comunidad (INICO, 2025) de la Universidad de Salamanca. <a rel=\"noreferrer noopener\" href=\"https:\/\/jornadas-inico.usal.es\/\" target=\"_blank\">https:\/\/jornadas-inico.usal.es\/<\/a>&nbsp;<\/p>\n\n\n\n<figure class=\"wp-block-image size-full\"><img decoding=\"async\" loading=\"lazy\" width=\"1600\" height=\"1600\" src=\"http:\/\/www.incluverso-5g.es\/wp-content\/uploads\/2025\/03\/Jornadas-Inicio-USAL-Foto-E.jpg\" alt=\"\" class=\"wp-image-467\"\/><\/figure>\n\n\n\n<p>Estas jornadas re\u00fanen a expertos, investigadores y profesionales de diversas disciplinas para compartir avances y experiencias en torno a la inclusi\u00f3n y el bienestar de las personas con discapacidad.&nbsp;<\/p>\n\n\n\n<figure class=\"wp-block-image size-full\"><img decoding=\"async\" loading=\"lazy\" width=\"901\" height=\"955\" src=\"http:\/\/www.incluverso-5g.es\/wp-content\/uploads\/2025\/03\/Jornadas-Inicio-USAL-Foto-A.jpg\" alt=\"\" class=\"wp-image-463\"\/><\/figure>\n\n\n\n<p>En la exposici\u00f3n se comparti\u00f3 el primer caso de uso del proyecto, enfocado en ayudar a las personas con discapacidad a afrontar el miedo a las escaleras a trav\u00e9s de realidad virtual.&nbsp;<\/p>\n\n\n\n<p>La presentaci\u00f3n fue muy bien recibida y permiti\u00f3 establecer nuevas alianzas con otros profesionales del sector, fortaleciendo el compromiso hacia una sociedad m\u00e1s inclusiva.&nbsp;<\/p>\n\n\n\n<figure class=\"wp-block-image size-full\"><img decoding=\"async\" loading=\"lazy\" width=\"771\" height=\"1078\" src=\"http:\/\/www.incluverso-5g.es\/wp-content\/uploads\/2025\/03\/Captura-presentacion-INICO-USAL.jpg\" alt=\"\" class=\"wp-image-470\"\/><\/figure>\n\n\n\n<p>Esta experiencia ha resultado enormemente enriquecedora, permiti\u00e9ndonos mostrar el trabajo desarrollado gracias a las sinergias entre Nokia, UPM y Fundaci\u00f3n Juan XXIII, as\u00ed como aprender de otras entidades y expertos del sector, fomentando as\u00ed la cooperaci\u00f3n y el avance conjunto para lograr una mayor inclusi\u00f3n de las personas en situaci\u00f3n de vulnerabilidad psicosocial.\u00a0<\/p>\n","protected":false},"excerpt":{"rendered":"<p>Fundaci\u00f3n Juan XXIII ha presentado el proyecto INCLUVERSO en las XII Jornadas Cient\u00edficas Internacionales de Investigaci\u00f3n sobre Personas con Discapacidad organizadas por [&hellip;]<\/p>\n","protected":false},"author":1,"featured_media":0,"comment_status":"open","ping_status":"open","sticky":false,"template":"","format":"standard","meta":{"footnotes":""},"categories":[3],"tags":[],"_links":{"self":[{"href":"http:\/\/www.incluverso-5g.es\/index.php?rest_route=\/wp\/v2\/posts\/468"}],"collection":[{"href":"http:\/\/www.incluverso-5g.es\/index.php?rest_route=\/wp\/v2\/posts"}],"about":[{"href":"http:\/\/www.incluverso-5g.es\/index.php?rest_route=\/wp\/v2\/types\/post"}],"author":[{"embeddable":true,"href":"http:\/\/www.incluverso-5g.es\/index.php?rest_route=\/wp\/v2\/users\/1"}],"replies":[{"embeddable":true,"href":"http:\/\/www.incluverso-5g.es\/index.php?rest_route=%2Fwp%2Fv2%2Fcomments&post=468"}],"version-history":[{"count":2,"href":"http:\/\/www.incluverso-5g.es\/index.php?rest_route=\/wp\/v2\/posts\/468\/revisions"}],"predecessor-version":[{"id":472,"href":"http:\/\/www.incluverso-5g.es\/index.php?rest_route=\/wp\/v2\/posts\/468\/revisions\/472"}],"wp:attachment":[{"href":"http:\/\/www.incluverso-5g.es\/index.php?rest_route=%2Fwp%2Fv2%2Fmedia&parent=468"}],"wp:term":[{"taxonomy":"category","embeddable":true,"href":"http:\/\/www.incluverso-5g.es\/index.php?rest_route=%2Fwp%2Fv2%2Fcategories&post=468"},{"taxonomy":"post_tag","embeddable":true,"href":"http:\/\/www.incluverso-5g.es\/index.php?rest_route=%2Fwp%2Fv2%2Ftags&post=468"}],"curies":[{"name":"wp","href":"https:\/\/api.w.org\/{rel}","templated":true}]}}