{"id":446,"date":"2025-02-11T06:21:04","date_gmt":"2025-02-11T06:21:04","guid":{"rendered":"http:\/\/www.incluverso-5g.es\/?p=446"},"modified":"2025-03-31T04:58:03","modified_gmt":"2025-03-31T04:58:03","slug":"dia-internacional-de-la-mujer-y-la-nina-en-la-ciencia","status":"publish","type":"post","link":"http:\/\/www.incluverso-5g.es\/?p=446","title":{"rendered":"D\u00eda Internacional de la Mujer y la Ni\u00f1a en la Ciencia"},"content":{"rendered":"\n<p>Con motivo del 11 de febrero, D\u00eda Internacional de la Mujer y la Ni\u00f1a en la Ciencia, las investigadoras Marta Goyena y Martina Merolli, impartieron en el Colegio Isaac Newton de Madrid, en colaboraci\u00f3n con la Fundaci\u00f3n Juan XXIII, el taller \u00abEl uso de la realidad extendida en terapia cognitiva para individuos en situaci\u00f3n de vulnerabilidad psicosocial\u00bb. Esta actividad, enmarcada en el proyecto Incluverso, ten\u00eda como objetivo explorar diversas aplicaciones para el entrenamiento cognitivo, desde m\u00e9todos tradicionales hasta herramientas basadas en realidad virtual.&nbsp;<\/p>\n\n\n\n<p>El taller se estructur\u00f3 en varias fases. En primer lugar, se llev\u00f3 a cabo una sesi\u00f3n de brainstorming en grupo en la que los participantes propusieron ideas para posibles aplicaciones de entrenamiento cognitivo. Utilizando post-its, se recogieron las distintas propuestas y se organizaron en una pizarra, lo que permiti\u00f3 un debate colectivo sobre diversas opciones, incluidos ejercicios en papel, juegos interactivos y aplicaciones en entornos de realidad virtual.&nbsp;<\/p>\n\n\n\n<p>A continuaci\u00f3n, se realiz\u00f3 una demostraci\u00f3n en la que se mostraron tres enfoques diferentes del entrenamiento cognitivo:&nbsp;<\/p>\n\n\n\n<ul>\n<li>Ejercicios en papel, utilizando fichas proporcionadas por la Fundaci\u00f3n Juan XXIII.&nbsp;<\/li>\n<\/ul>\n\n\n\n<ul>\n<li>Utilizaci\u00f3n de la plataforma digital NeuronUp en un ordenador.&nbsp;<\/li>\n<\/ul>\n\n\n\n<ul>\n<li>Una aplicaci\u00f3n de realidad virtual desarrollada en el marco del proyecto Incluverso, en la que los participantes experimentaron dos entornos diferentes: una cafeter\u00eda y un supermercado.&nbsp;<\/li>\n<\/ul>\n\n\n\n<p>Los asistentes se dividieron en grupos y probaron cada herramienta, rotando entre los distintos escenarios para experimentar los diversos enfoques. Tras la sesi\u00f3n pr\u00e1ctica, se llev\u00f3 a cabo otra sesi\u00f3n de brainstorming, en la que los participantes revisaron y perfeccionaron sus ideas iniciales bas\u00e1ndose en lo que hab\u00edan aprendido.&nbsp;<\/p>\n\n\n\n<p>El taller tuvo muy buena acogida, con una alta participaci\u00f3n y un notable inter\u00e9s por parte de los asistentes. Muchos destacaron que la experiencia fue enriquecedora, atractiva y muy \u00fatil para comprender el potencial del entrenamiento cognitivo con nuevas tecnolog\u00edas.&nbsp;<\/p>\n\n\n\n<p>Queremos agradecer al Colegio Isaac Newton y a la Fundaci\u00f3n Juan XXIII su colaboraci\u00f3n en esta iniciativa. Reafirmamos nuestro compromiso con la investigaci\u00f3n y la aplicaci\u00f3n de tecnolog\u00edas innovadoras para mejorar la calidad de vida de las personas en situaci\u00f3n de vulnerabilidad psicosocial.&nbsp;<\/p>\n\n\n\n<figure class=\"wp-block-image size-full\"><img decoding=\"async\" loading=\"lazy\" width=\"3024\" height=\"4032\" src=\"http:\/\/www.incluverso-5g.es\/wp-content\/uploads\/2025\/02\/IMG_4088.jpg\" alt=\"\" class=\"wp-image-451\"\/><\/figure>\n\n\n\n<figure class=\"wp-block-image size-full\"><img decoding=\"async\" loading=\"lazy\" width=\"4032\" height=\"3024\" src=\"http:\/\/www.incluverso-5g.es\/wp-content\/uploads\/2025\/02\/IMG_4109.jpg\" alt=\"\" class=\"wp-image-449\"\/><\/figure>\n","protected":false},"excerpt":{"rendered":"<p>Con motivo del 11 de febrero, D\u00eda Internacional de la Mujer y la Ni\u00f1a en la Ciencia, las investigadoras Marta Goyena y [&hellip;]<\/p>\n","protected":false},"author":1,"featured_media":0,"comment_status":"open","ping_status":"open","sticky":false,"template":"","format":"standard","meta":{"footnotes":""},"categories":[2],"tags":[],"_links":{"self":[{"href":"http:\/\/www.incluverso-5g.es\/index.php?rest_route=\/wp\/v2\/posts\/446"}],"collection":[{"href":"http:\/\/www.incluverso-5g.es\/index.php?rest_route=\/wp\/v2\/posts"}],"about":[{"href":"http:\/\/www.incluverso-5g.es\/index.php?rest_route=\/wp\/v2\/types\/post"}],"author":[{"embeddable":true,"href":"http:\/\/www.incluverso-5g.es\/index.php?rest_route=\/wp\/v2\/users\/1"}],"replies":[{"embeddable":true,"href":"http:\/\/www.incluverso-5g.es\/index.php?rest_route=%2Fwp%2Fv2%2Fcomments&post=446"}],"version-history":[{"count":2,"href":"http:\/\/www.incluverso-5g.es\/index.php?rest_route=\/wp\/v2\/posts\/446\/revisions"}],"predecessor-version":[{"id":452,"href":"http:\/\/www.incluverso-5g.es\/index.php?rest_route=\/wp\/v2\/posts\/446\/revisions\/452"}],"wp:attachment":[{"href":"http:\/\/www.incluverso-5g.es\/index.php?rest_route=%2Fwp%2Fv2%2Fmedia&parent=446"}],"wp:term":[{"taxonomy":"category","embeddable":true,"href":"http:\/\/www.incluverso-5g.es\/index.php?rest_route=%2Fwp%2Fv2%2Fcategories&post=446"},{"taxonomy":"post_tag","embeddable":true,"href":"http:\/\/www.incluverso-5g.es\/index.php?rest_route=%2Fwp%2Fv2%2Ftags&post=446"}],"curies":[{"name":"wp","href":"https:\/\/api.w.org\/{rel}","templated":true}]}}