{"id":393,"date":"2024-12-18T14:41:46","date_gmt":"2024-12-18T14:41:46","guid":{"rendered":"http:\/\/www.incluverso-5g.es\/?p=393"},"modified":"2025-01-29T07:52:35","modified_gmt":"2025-01-29T07:52:35","slug":"visita-sumamente-fj23-a-nokia","status":"publish","type":"post","link":"http:\/\/www.incluverso-5g.es\/?p=393","title":{"rendered":"Visita SUMAMENTE (FJ23) a Nokia\u00a0"},"content":{"rendered":"\n<p><em>Tania y Elian, preparadores laborales del centro Sumamente de la Fundaci\u00f3n Juan XXIII, visitaron NOKIA junto con su grupo del programa ECA (Empleo con Apoyo).&nbsp;<\/em>&nbsp;<\/p>\n\n\n\n<p><em>Durante la jornada, los participantes tuvieron la oportunidad de conocer de cerca c\u00f3mo se trabaja en un entorno empresarial real, recorriendo las instalaciones y adentr\u00e1ndose en el mundo corporativo.<\/em>&nbsp;<\/p>\n\n\n\n<p><em>Adem\u00e1s, visitaron el espacio del XR Lab<\/em><em> donde fueron recibidos sorprendentemente por su perro, controlado y presentado por la investigadora Amaya Jim\u00e9nez Moreno, lo que a\u00f1adi\u00f3 un toque especial a la experiencia. Tambi\u00e9n pudieron observar de primera mano c\u00f3mo se trabaja en el entorno de estos proyectos, reforzando su motivaci\u00f3n e inter\u00e9s por integrarse en el mercado laboral. Como ejemplo de ello, Marta Orduna, present\u00f3 el proyecto INCLUVERSO 5G, realizado en colaboraci\u00f3n con la Universidad Polit\u00e9cnica de Madrid (UPM) y otro centro de la Fundaci\u00f3n Juan XXIII, lo que result\u00f3 de gran inter\u00e9s por las personas participantes tanto por sus posibles aplicaciones como por la colaboraci\u00f3n entre diferentes entidades.&nbsp;<\/em>&nbsp;<\/p>\n\n\n\n<figure class=\"wp-block-image size-full\"><img decoding=\"async\" loading=\"lazy\" width=\"4080\" height=\"3060\" src=\"http:\/\/www.incluverso-5g.es\/wp-content\/uploads\/2025\/01\/visita-SUMAMENTE-II.jpg\" alt=\"\" class=\"wp-image-396\"\/><\/figure>\n\n\n\n<p><em>El objetivo de esta experiencia es conocer un entorno profesional en primera persona para acercarse al mercado laboral y ganar una visi\u00f3n m\u00e1s clara de su futuro profesional. Muchos de los participantes ya est\u00e1n preparados para dar el salto al \u00e1mbito empresarial, y esperamos que pronto consigan alcanzar sus metas laborales.<\/em>&nbsp;<\/p>\n","protected":false},"excerpt":{"rendered":"<p>Tania y Elian, preparadores laborales del centro Sumamente de la Fundaci\u00f3n Juan XXIII, visitaron NOKIA junto con su grupo del programa ECA [&hellip;]<\/p>\n","protected":false},"author":1,"featured_media":0,"comment_status":"open","ping_status":"open","sticky":false,"template":"","format":"standard","meta":{"footnotes":""},"categories":[2],"tags":[],"_links":{"self":[{"href":"http:\/\/www.incluverso-5g.es\/index.php?rest_route=\/wp\/v2\/posts\/393"}],"collection":[{"href":"http:\/\/www.incluverso-5g.es\/index.php?rest_route=\/wp\/v2\/posts"}],"about":[{"href":"http:\/\/www.incluverso-5g.es\/index.php?rest_route=\/wp\/v2\/types\/post"}],"author":[{"embeddable":true,"href":"http:\/\/www.incluverso-5g.es\/index.php?rest_route=\/wp\/v2\/users\/1"}],"replies":[{"embeddable":true,"href":"http:\/\/www.incluverso-5g.es\/index.php?rest_route=%2Fwp%2Fv2%2Fcomments&post=393"}],"version-history":[{"count":3,"href":"http:\/\/www.incluverso-5g.es\/index.php?rest_route=\/wp\/v2\/posts\/393\/revisions"}],"predecessor-version":[{"id":398,"href":"http:\/\/www.incluverso-5g.es\/index.php?rest_route=\/wp\/v2\/posts\/393\/revisions\/398"}],"wp:attachment":[{"href":"http:\/\/www.incluverso-5g.es\/index.php?rest_route=%2Fwp%2Fv2%2Fmedia&parent=393"}],"wp:term":[{"taxonomy":"category","embeddable":true,"href":"http:\/\/www.incluverso-5g.es\/index.php?rest_route=%2Fwp%2Fv2%2Fcategories&post=393"},{"taxonomy":"post_tag","embeddable":true,"href":"http:\/\/www.incluverso-5g.es\/index.php?rest_route=%2Fwp%2Fv2%2Ftags&post=393"}],"curies":[{"name":"wp","href":"https:\/\/api.w.org\/{rel}","templated":true}]}}