{"id":389,"date":"2024-11-13T14:21:19","date_gmt":"2024-11-13T14:21:19","guid":{"rendered":"http:\/\/www.incluverso-5g.es\/?p=389"},"modified":"2026-01-15T10:06:45","modified_gmt":"2026-01-15T10:06:45","slug":"nokia-y-la-universidad-politecnica-de-madrid-traen-la-semana-de-la-ciencia-a-fundacion-juan-xxiii","status":"publish","type":"post","link":"http:\/\/www.incluverso-5g.es\/?p=389","title":{"rendered":"Nokia trae la Semana de la Ciencia a Fundaci\u00f3n Juan XXIII"},"content":{"rendered":"\n<p><\/p>\n\n\n\n<p>El pasado 13 de noviembre, la Fundaci\u00f3n Juan XXIII fue escenario de una jornada inolvidable en el marco de la Semana de la Ciencia, gracias a la colaboraci\u00f3n con Nokia. M\u00e1s de 50 asistentes, profesionales y personas usuarias de la Fundaci\u00f3n Juan XXIII, tuvieron la oportunidad de sumergirse en entornos inmersivos, demostraciones que combinan la tecnolog\u00eda de realidad extendida con un enfoque inclusivo, destacando especialmente las implementaciones desarrolladas dentro del proyecto <strong>INCLUVERSO 5G<\/strong>.<\/p>\n\n\n\n<figure class=\"wp-block-image size-full\"><img decoding=\"async\" loading=\"lazy\" width=\"1600\" height=\"1200\" src=\"http:\/\/www.incluverso-5g.es\/wp-content\/uploads\/2024\/12\/Semana-de-la-ciencia-FJ23-3.jpg\" alt=\"\" class=\"wp-image-386\"\/><\/figure>\n\n\n\n<p>Durante el evento, los\/as participantes experimentaron de primera mano c\u00f3mo la realidad extendida puede transformar actividades cotidianas y ser utilizada para conseguir un impacto positivo en nuestras vidas. Desde realizar ejercicios de atenci\u00f3n a trav\u00e9s de la pr\u00e1ctica de habilidades laborales en un supermercado o una cafeter\u00eda, hasta pasar las pruebas de un volc\u00e1n virtual o \u201cteletransportarse\u201d de un espacio a otro a trav\u00e9s del prototipo b\u00faho.<\/p>\n\n\n\n<figure class=\"wp-block-image size-full\"><img decoding=\"async\" loading=\"lazy\" width=\"1200\" height=\"1600\" src=\"http:\/\/www.incluverso-5g.es\/wp-content\/uploads\/2024\/12\/Semana-de-la-ciencia-FJ23-2.jpg\" alt=\"\" class=\"wp-image-387\"\/><\/figure>\n\n\n\n<p>Este esfuerzo conjunto demuestra c\u00f3mo la innovaci\u00f3n tecnol\u00f3gica puede ser un motor de inclusi\u00f3n social, acercando herramientas avanzadas a personas en situaci\u00f3n de vulnerabilidad psicosocial. La colaboraci\u00f3n entre Nokia, UPM y Fundaci\u00f3n Juan XXIII es un ejemplo inspirador de trabajo en equipo, orientado a crear oportunidades y a mejorar la calidad de vida en nuestra sociedad.<\/p>\n\n\n\n<figure class=\"wp-block-image size-full\"><img decoding=\"async\" loading=\"lazy\" width=\"2000\" height=\"1500\" src=\"http:\/\/www.incluverso-5g.es\/wp-content\/uploads\/2024\/12\/Semana-de-la-ciencia-FJ23-1.jpg\" alt=\"\" class=\"wp-image-388\"\/><\/figure>\n\n\n\n<p>Una jornada que dej\u00f3 claro que la tecnolog\u00eda, cuando se pone al servicio de la inclusi\u00f3n, puede derribar barreras y abrir un mundo de posibilidades.<\/p>\n","protected":false},"excerpt":{"rendered":"<p>El pasado 13 de noviembre, la Fundaci\u00f3n Juan XXIII fue escenario de una jornada inolvidable en el marco de la Semana de [&hellip;]<\/p>\n","protected":false},"author":1,"featured_media":0,"comment_status":"open","ping_status":"open","sticky":false,"template":"","format":"standard","meta":{"footnotes":""},"categories":[2],"tags":[],"_links":{"self":[{"href":"http:\/\/www.incluverso-5g.es\/index.php?rest_route=\/wp\/v2\/posts\/389"}],"collection":[{"href":"http:\/\/www.incluverso-5g.es\/index.php?rest_route=\/wp\/v2\/posts"}],"about":[{"href":"http:\/\/www.incluverso-5g.es\/index.php?rest_route=\/wp\/v2\/types\/post"}],"author":[{"embeddable":true,"href":"http:\/\/www.incluverso-5g.es\/index.php?rest_route=\/wp\/v2\/users\/1"}],"replies":[{"embeddable":true,"href":"http:\/\/www.incluverso-5g.es\/index.php?rest_route=%2Fwp%2Fv2%2Fcomments&post=389"}],"version-history":[{"count":2,"href":"http:\/\/www.incluverso-5g.es\/index.php?rest_route=\/wp\/v2\/posts\/389\/revisions"}],"predecessor-version":[{"id":762,"href":"http:\/\/www.incluverso-5g.es\/index.php?rest_route=\/wp\/v2\/posts\/389\/revisions\/762"}],"wp:attachment":[{"href":"http:\/\/www.incluverso-5g.es\/index.php?rest_route=%2Fwp%2Fv2%2Fmedia&parent=389"}],"wp:term":[{"taxonomy":"category","embeddable":true,"href":"http:\/\/www.incluverso-5g.es\/index.php?rest_route=%2Fwp%2Fv2%2Fcategories&post=389"},{"taxonomy":"post_tag","embeddable":true,"href":"http:\/\/www.incluverso-5g.es\/index.php?rest_route=%2Fwp%2Fv2%2Ftags&post=389"}],"curies":[{"name":"wp","href":"https:\/\/api.w.org\/{rel}","templated":true}]}}