{"id":378,"date":"2024-11-22T14:14:31","date_gmt":"2024-11-22T14:14:31","guid":{"rendered":"http:\/\/www.incluverso-5g.es\/?p=378"},"modified":"2025-01-08T14:37:31","modified_gmt":"2025-01-08T14:37:31","slug":"vr-day","status":"publish","type":"post","link":"http:\/\/www.incluverso-5g.es\/?p=378","title":{"rendered":"VR DAY"},"content":{"rendered":"\n<p>El pasado 22 y 23 de noviembre, Valencia fue el epicentro de la innovaci\u00f3n tecnol\u00f3gica durante el <a rel=\"noreferrer noopener\" href=\"https:\/\/avre.tech\/vrdayvalencia-2024-sumergete-en-la-revolucionxr\/\" target=\"_blank\">#VRDayValencia<\/a> 2024, celebrado en conmemoraci\u00f3n del D\u00eda Mundial de la Realidad Virtual, que se celebra el 19 de noviembre.&nbsp;<\/p>\n\n\n\n<p><\/p>\n\n\n\n<figure class=\"wp-block-image size-full\"><img decoding=\"async\" loading=\"lazy\" width=\"425\" height=\"601\" src=\"http:\/\/www.incluverso-5g.es\/wp-content\/uploads\/2024\/12\/VRDAY-Image-4.png\" alt=\"\" class=\"wp-image-383\"\/><\/figure>\n\n\n\n<p>En este importante evento, la investigadora del Nokia XR Lab Ester Gonz\u00e1lez-Sosa, present\u00f3 el Realverso, una iniciativa que lidera la l\u00ednea de investigaci\u00f3n del grupo en torno a las comunicaciones inmersivas basadas en v\u00eddeo 360. Uno de los puntos destacados de su intervenci\u00f3n fue la presentaci\u00f3n del prototipo <strong>The Owl<\/strong>: un sistema que permite \u00abteletransportar\u00bb a las personas a otro lugar mediante una combinaci\u00f3n de c\u00e1mara 360 y gafas de realidad virtual.<\/p>\n\n\n\n<p>Adem\u00e1s, Ester dio a conocer el proyecto <strong>Incluverso 5G<\/strong>, un paso m\u00e1s all\u00e1 en la tecnolog\u00eda Realverso, llevando a cabo acciones concretas para que esta tecnolog\u00eda sea m\u00e1s accesible. Este proyecto representa un paso importante marcando un camino hacia su integraci\u00f3n en diferentes \u00e1mbitos sociales y laborales.<\/p>\n\n\n\n<figure class=\"wp-block-image size-full\"><img decoding=\"async\" loading=\"lazy\" width=\"1600\" height=\"1200\" src=\"http:\/\/www.incluverso-5g.es\/wp-content\/uploads\/2024\/12\/VRDAY-Image-3.jpg\" alt=\"\" class=\"wp-image-382\"\/><\/figure>\n\n\n\n<p>El #VRDayValencia 2024 no solo fue una oportunidad para celebrar los avances en realidad virtual, sino tambi\u00e9n para reflexionar sobre c\u00f3mo estas herramientas pueden mejorar la vida de las personas. La participaci\u00f3n del grupo en este evento subraya su compromiso con el desarrollo de soluciones tecnol\u00f3gicas inclusivas y transformadoras.<\/p>\n\n\n\n<figure class=\"wp-block-image size-full\"><img decoding=\"async\" loading=\"lazy\" width=\"1600\" height=\"968\" src=\"http:\/\/www.incluverso-5g.es\/wp-content\/uploads\/2024\/12\/VRDAY-Image-2.jpg\" alt=\"\" class=\"wp-image-381\"\/><\/figure>\n","protected":false},"excerpt":{"rendered":"<p>El pasado 22 y 23 de noviembre, Valencia fue el epicentro de la innovaci\u00f3n tecnol\u00f3gica durante el #VRDayValencia 2024, celebrado en conmemoraci\u00f3n [&hellip;]<\/p>\n","protected":false},"author":1,"featured_media":0,"comment_status":"open","ping_status":"open","sticky":false,"template":"","format":"standard","meta":{"footnotes":""},"categories":[2],"tags":[],"_links":{"self":[{"href":"http:\/\/www.incluverso-5g.es\/index.php?rest_route=\/wp\/v2\/posts\/378"}],"collection":[{"href":"http:\/\/www.incluverso-5g.es\/index.php?rest_route=\/wp\/v2\/posts"}],"about":[{"href":"http:\/\/www.incluverso-5g.es\/index.php?rest_route=\/wp\/v2\/types\/post"}],"author":[{"embeddable":true,"href":"http:\/\/www.incluverso-5g.es\/index.php?rest_route=\/wp\/v2\/users\/1"}],"replies":[{"embeddable":true,"href":"http:\/\/www.incluverso-5g.es\/index.php?rest_route=%2Fwp%2Fv2%2Fcomments&post=378"}],"version-history":[{"count":2,"href":"http:\/\/www.incluverso-5g.es\/index.php?rest_route=\/wp\/v2\/posts\/378\/revisions"}],"predecessor-version":[{"id":385,"href":"http:\/\/www.incluverso-5g.es\/index.php?rest_route=\/wp\/v2\/posts\/378\/revisions\/385"}],"wp:attachment":[{"href":"http:\/\/www.incluverso-5g.es\/index.php?rest_route=%2Fwp%2Fv2%2Fmedia&parent=378"}],"wp:term":[{"taxonomy":"category","embeddable":true,"href":"http:\/\/www.incluverso-5g.es\/index.php?rest_route=%2Fwp%2Fv2%2Fcategories&post=378"},{"taxonomy":"post_tag","embeddable":true,"href":"http:\/\/www.incluverso-5g.es\/index.php?rest_route=%2Fwp%2Fv2%2Ftags&post=378"}],"curies":[{"name":"wp","href":"https:\/\/api.w.org\/{rel}","templated":true}]}}