{"id":361,"date":"2024-12-10T06:36:04","date_gmt":"2024-12-10T06:36:04","guid":{"rendered":"http:\/\/www.incluverso-5g.es\/?p=361"},"modified":"2026-01-15T10:09:55","modified_gmt":"2026-01-15T10:09:55","slug":"taller-uc3m","status":"publish","type":"post","link":"http:\/\/www.incluverso-5g.es\/?p=361","title":{"rendered":"Taller de co-dise\u00f1o inclusivo"},"content":{"rendered":"\n<p>El pasado <strong>27 de noviembre<\/strong> se realiz\u00f3 un taller titulado <strong>Incluverso Co-Design Session<\/strong>. Este evento se centr\u00f3 en el dise\u00f1o colaborativo de experiencias inmersivas dentro del proyecto <strong>Incluverso<\/strong>, utilizando metodolog\u00edas de dise\u00f1o corporeizado para fomentar la innovaci\u00f3n inclusiva.<\/p>\n\n\n\n<p><\/p>\n\n\n\n<p>El taller se desarroll\u00f3 en tres fases bien definidas. En la <strong>primera fase<\/strong>, los participantes asistieron a una <strong>sesi\u00f3n de sensibilizaci\u00f3n tecnol\u00f3gica<\/strong>, explorando un prototipo del proyecto Incluverso. Este prototipo consist\u00eda en una herramienta inmersiva dise\u00f1ada para la visualizaci\u00f3n de p\u00edldoras formativas (v\u00eddeos cortos) relacionados con tareas de cocina, brindando una introducci\u00f3n pr\u00e1ctica al potencial de la tecnolog\u00eda XR en la teleformaci\u00f3n.<\/p>\n\n\n\n<p>En la <strong>segunda fase<\/strong>, tuvo lugar una <strong>sesi\u00f3n de ideaci\u00f3n creativa<\/strong>, en la que los asistentes escenificaron c\u00f3mo podr\u00edan los usuarios interactuar con las p\u00edldoras formativas. Utilizando t\u00e9cnicas de dramatizaci\u00f3n y exploraci\u00f3n, imaginaron diversos escenarios de visualizaci\u00f3n, atendiendo a par\u00e1metros espec\u00edficos que podr\u00edan influir en la experiencia del usuario.<\/p>\n\n\n\n<figure class=\"wp-block-image size-full\"><img decoding=\"async\" loading=\"lazy\" width=\"2061\" height=\"1546\" src=\"http:\/\/www.incluverso-5g.es\/wp-content\/uploads\/2024\/12\/Uc3M_TAller2.jpg\" alt=\"\" class=\"wp-image-359\"\/><\/figure>\n\n\n\n<p>Por \u00faltimo, en la <strong>tercera fase<\/strong>, se realiz\u00f3 una <strong>discusi\u00f3n grupal sobre las posibles interacciones<\/strong> durante el uso de la herramienta. Bas\u00e1ndose en lo aprendido en la sensibilizaci\u00f3n inicial, los participantes propusieron c\u00f3mo desear\u00edan interactuar con el contenido, explorando m\u00e9todos intuitivos y accesibles de interacci\u00f3n.<\/p>\n\n\n\n<p>Para documentar el taller, se grabaron en v\u00eddeo todas las fases del proceso, adem\u00e1s de realizar entrevistas posteriores y recopilar respuestas a cuestionarios dise\u00f1ados para recoger ideas y opiniones. Este valioso conjunto de datos se utilizar\u00e1 para optimizar la experiencia del usuario en la herramienta de teleformaci\u00f3n del proyecto Incluverso, asegurando que responda a las necesidades y preferencias de su p\u00fablico objetivo.<\/p>\n\n\n\n<p>La <strong>Incluverso Co-Design Session<\/strong> fue un \u00e9xito, subrayando el valor del dise\u00f1o colaborativo y el enfoque centrado en el usuario para desarrollar tecnolog\u00edas XR que promuevan la inclusi\u00f3n y la educaci\u00f3n inmersiva.<\/p>\n","protected":false},"excerpt":{"rendered":"<p>El pasado 27 de noviembre se realiz\u00f3 un taller titulado Incluverso Co-Design Session. Este evento se centr\u00f3 en el dise\u00f1o colaborativo de [&hellip;]<\/p>\n","protected":false},"author":1,"featured_media":0,"comment_status":"open","ping_status":"open","sticky":false,"template":"","format":"standard","meta":{"footnotes":""},"categories":[2],"tags":[],"_links":{"self":[{"href":"http:\/\/www.incluverso-5g.es\/index.php?rest_route=\/wp\/v2\/posts\/361"}],"collection":[{"href":"http:\/\/www.incluverso-5g.es\/index.php?rest_route=\/wp\/v2\/posts"}],"about":[{"href":"http:\/\/www.incluverso-5g.es\/index.php?rest_route=\/wp\/v2\/types\/post"}],"author":[{"embeddable":true,"href":"http:\/\/www.incluverso-5g.es\/index.php?rest_route=\/wp\/v2\/users\/1"}],"replies":[{"embeddable":true,"href":"http:\/\/www.incluverso-5g.es\/index.php?rest_route=%2Fwp%2Fv2%2Fcomments&post=361"}],"version-history":[{"count":5,"href":"http:\/\/www.incluverso-5g.es\/index.php?rest_route=\/wp\/v2\/posts\/361\/revisions"}],"predecessor-version":[{"id":764,"href":"http:\/\/www.incluverso-5g.es\/index.php?rest_route=\/wp\/v2\/posts\/361\/revisions\/764"}],"wp:attachment":[{"href":"http:\/\/www.incluverso-5g.es\/index.php?rest_route=%2Fwp%2Fv2%2Fmedia&parent=361"}],"wp:term":[{"taxonomy":"category","embeddable":true,"href":"http:\/\/www.incluverso-5g.es\/index.php?rest_route=%2Fwp%2Fv2%2Fcategories&post=361"},{"taxonomy":"post_tag","embeddable":true,"href":"http:\/\/www.incluverso-5g.es\/index.php?rest_route=%2Fwp%2Fv2%2Ftags&post=361"}],"curies":[{"name":"wp","href":"https:\/\/api.w.org\/{rel}","templated":true}]}}