{"id":304,"date":"2024-11-04T10:51:46","date_gmt":"2024-11-04T10:51:46","guid":{"rendered":"http:\/\/www.incluverso-5g.es\/?p=304"},"modified":"2026-01-15T10:24:03","modified_gmt":"2026-01-15T10:24:03","slug":"semana-de-la-ciencia-upm","status":"publish","type":"post","link":"http:\/\/www.incluverso-5g.es\/?p=304","title":{"rendered":"Semana de la Ciencia"},"content":{"rendered":"\n<p>El 4 de noviembre, en la Escuela T\u00e9cnica Superior de Ingenieros de Telecomunicaci\u00f3n de la Universidad Polit\u00e9cnica de Madrid, Marta Goyena y Matteo dal Magro, investigadores del Nokia XR Lab, llevaron la inclusi\u00f3n al siguiente nivel en una jornada de demostraci\u00f3n de realidad extendida como parte de la Semana de la Ciencia y la Innovaci\u00f3n 2024 de Madrid.<\/p>\n\n\n\n<p>Durante el evento, el proyecto Incluverso 5G mostr\u00f3 una visi\u00f3n donde la tecnolog\u00eda 5G y la realidad extendida se unen para apoyar a las personas en situaciones vulnerables. Los asistentes experimentaron actividades inmersivas, desde terapias virtuales hasta telepresencia y teleformaci\u00f3n. \u00a1Una verdadera visi\u00f3n del futuro de la inclusi\u00f3n digital!<\/p>\n\n\n\n<figure class=\"wp-block-embed is-type-video is-provider-youtube wp-block-embed-youtube wp-embed-aspect-16-9 wp-has-aspect-ratio\"><div class=\"wp-block-embed__wrapper\">\n<iframe loading=\"lazy\" title=\"Innovation &amp; Inclusion: Incluverso 5G Project at Science Week 2024\" width=\"1170\" height=\"658\" src=\"https:\/\/www.youtube.com\/embed\/uja3eKghW8I?feature=oembed\" frameborder=\"0\" allow=\"accelerometer; autoplay; clipboard-write; encrypted-media; gyroscope; picture-in-picture; web-share\" referrerpolicy=\"strict-origin-when-cross-origin\" allowfullscreen><\/iframe>\n<\/div><\/figure>\n\n\n\n<p>Cada demostraci\u00f3n ofreci\u00f3 una visi\u00f3n de c\u00f3mo el proyecto Incluverso 5G est\u00e1 construyendo tecnolog\u00edas inmersivas inclusivas que conectan y apoyan a todos, sin barreras.<\/p>\n\n\n\n<p>Gracias a todas las personas que vinieron a experimentar esto. <\/p>\n\n\n\n<p>\u00a1Esto es solo el comienzo de un futuro m\u00e1s inclusivo y conectado!<\/p>\n\n\n\n<p><\/p>\n\n\n\n<p><\/p>\n\n\n\n<p><\/p>\n","protected":false},"excerpt":{"rendered":"<p>El 4 de noviembre, en la Escuela T\u00e9cnica Superior de Ingenieros de Telecomunicaci\u00f3n de la Universidad Polit\u00e9cnica de Madrid, Marta Goyena y [&hellip;]<\/p>\n","protected":false},"author":1,"featured_media":0,"comment_status":"open","ping_status":"open","sticky":false,"template":"","format":"standard","meta":{"footnotes":""},"categories":[2],"tags":[],"_links":{"self":[{"href":"http:\/\/www.incluverso-5g.es\/index.php?rest_route=\/wp\/v2\/posts\/304"}],"collection":[{"href":"http:\/\/www.incluverso-5g.es\/index.php?rest_route=\/wp\/v2\/posts"}],"about":[{"href":"http:\/\/www.incluverso-5g.es\/index.php?rest_route=\/wp\/v2\/types\/post"}],"author":[{"embeddable":true,"href":"http:\/\/www.incluverso-5g.es\/index.php?rest_route=\/wp\/v2\/users\/1"}],"replies":[{"embeddable":true,"href":"http:\/\/www.incluverso-5g.es\/index.php?rest_route=%2Fwp%2Fv2%2Fcomments&post=304"}],"version-history":[{"count":11,"href":"http:\/\/www.incluverso-5g.es\/index.php?rest_route=\/wp\/v2\/posts\/304\/revisions"}],"predecessor-version":[{"id":766,"href":"http:\/\/www.incluverso-5g.es\/index.php?rest_route=\/wp\/v2\/posts\/304\/revisions\/766"}],"wp:attachment":[{"href":"http:\/\/www.incluverso-5g.es\/index.php?rest_route=%2Fwp%2Fv2%2Fmedia&parent=304"}],"wp:term":[{"taxonomy":"category","embeddable":true,"href":"http:\/\/www.incluverso-5g.es\/index.php?rest_route=%2Fwp%2Fv2%2Fcategories&post=304"},{"taxonomy":"post_tag","embeddable":true,"href":"http:\/\/www.incluverso-5g.es\/index.php?rest_route=%2Fwp%2Fv2%2Ftags&post=304"}],"curies":[{"name":"wp","href":"https:\/\/api.w.org\/{rel}","templated":true}]}}