{"id":292,"date":"2024-10-31T09:37:09","date_gmt":"2024-10-31T09:37:09","guid":{"rendered":"http:\/\/www.incluverso-5g.es\/?p=292"},"modified":"2024-11-08T10:53:12","modified_gmt":"2024-11-08T10:53:12","slug":"jornada-5g-6g","status":"publish","type":"post","link":"http:\/\/www.incluverso-5g.es\/?p=292","title":{"rendered":"Jornada 5G\/6G."},"content":{"rendered":"\n<p>El pasado jueves 31 de octubre, un grupo de 30 estudiantes de diversas universidades de Espa\u00f1a (Valencia, Valladolid, Sevilla, Murcia, Bilbao, entre otras) visit\u00f3 el XR Lab de Nokia en el marco de una jornada dedicada a las tecnolog\u00edas 5G\/6G. Este evento fue posible gracias a la colaboraci\u00f3n de Teleco Renta y la organizaci\u00f3n de la Universidad Carlos III de Madrid.&nbsp;<\/p>\n\n\n\n<figure class=\"wp-block-image size-full\"><img decoding=\"async\" loading=\"lazy\" width=\"4080\" height=\"3072\" src=\"http:\/\/www.incluverso-5g.es\/wp-content\/uploads\/2024\/11\/Incluverso-Jornadas-5G6G-Img-2.jpg\" alt=\"\" class=\"wp-image-295\"\/><\/figure>\n\n\n\n<p>Durante la visita, los\/as estudiantes tuvieron la oportunidad de conocer en detalle la red 5G desplegada en nuestras oficinas de Nokia. Pablo P\u00e9rez y Joaqu\u00edn P\u00e9rez, investigadores del XR Lab, se encargaron de explicar su funcionamiento y los\/as estudiantes pudieron plantearles directamente sus preguntas, explorando los desaf\u00edos y avances de esta tecnolog\u00eda.&nbsp;&nbsp;<\/p>\n\n\n\n<figure class=\"wp-block-image size-full\"><img decoding=\"async\" loading=\"lazy\" width=\"4640\" height=\"3472\" src=\"http:\/\/www.incluverso-5g.es\/wp-content\/uploads\/2024\/11\/Incluverso-Jornadas-5G6G-Img-4.jpg\" alt=\"\" class=\"wp-image-299\"\/><\/figure>\n\n\n\n<p>Posteriormente, les presentaron las l\u00edneas de investigaci\u00f3n actuales, abarcando aplicaciones innovadoras en sectores como la agricultura y la eficiencia energ\u00e9tica, as\u00ed como nuestro proyecto de mayor impacto social, INCLUVERSO 5G. Para ello, se present\u00f3 un esquema general de la infraestructura desplegada en la Fundaci\u00f3n Juan XXIII y se explicaron los requisitos para cada uno de los casos de uso de aplicaci\u00f3n.<\/p>\n\n\n\n<figure class=\"wp-block-image size-full\"><img decoding=\"async\" loading=\"lazy\" width=\"4640\" height=\"3472\" src=\"http:\/\/www.incluverso-5g.es\/wp-content\/uploads\/2024\/11\/Incluverso-Jornadas-5G6G-Img-5.jpg\" alt=\"\" class=\"wp-image-301\"\/><\/figure>\n\n\n\n<p>Iniciativas como esta fortalecen la conexi\u00f3n entre el mundo acad\u00e9mico y profesional, ofreciendo a las futuras generaciones una visi\u00f3n pr\u00e1ctica y cercana de su campo de estudio.<\/p>\n\n\n\n<figure class=\"wp-block-image size-full\"><img decoding=\"async\" loading=\"lazy\" width=\"4080\" height=\"3072\" src=\"http:\/\/www.incluverso-5g.es\/wp-content\/uploads\/2024\/11\/Incluverso-Jornadas-5G6G-Img-3.jpg\" alt=\"\" class=\"wp-image-297\"\/><\/figure>\n\n\n\n<p>Desde el equipo de XR Lab y de INCLUVERSO, agradecemos a todas las personas que han hecho posible esta jornada, en especial a Adri\u00e1n Amor y su equipo, por la excelente organizaci\u00f3n.<\/p>\n\n\n\n<figure class=\"wp-block-image size-full\"><img decoding=\"async\" loading=\"lazy\" width=\"4640\" height=\"3472\" src=\"http:\/\/www.incluverso-5g.es\/wp-content\/uploads\/2024\/11\/Incluverso-Jornadas-5G6G-img-1.jpg\" alt=\"\" class=\"wp-image-294\"\/><\/figure>\n","protected":false},"excerpt":{"rendered":"<p>El pasado jueves 31 de octubre, un grupo de 30 estudiantes de diversas universidades de Espa\u00f1a (Valencia, Valladolid, Sevilla, Murcia, Bilbao, entre [&hellip;]<\/p>\n","protected":false},"author":1,"featured_media":0,"comment_status":"open","ping_status":"open","sticky":false,"template":"","format":"standard","meta":{"footnotes":""},"categories":[2],"tags":[],"_links":{"self":[{"href":"http:\/\/www.incluverso-5g.es\/index.php?rest_route=\/wp\/v2\/posts\/292"}],"collection":[{"href":"http:\/\/www.incluverso-5g.es\/index.php?rest_route=\/wp\/v2\/posts"}],"about":[{"href":"http:\/\/www.incluverso-5g.es\/index.php?rest_route=\/wp\/v2\/types\/post"}],"author":[{"embeddable":true,"href":"http:\/\/www.incluverso-5g.es\/index.php?rest_route=\/wp\/v2\/users\/1"}],"replies":[{"embeddable":true,"href":"http:\/\/www.incluverso-5g.es\/index.php?rest_route=%2Fwp%2Fv2%2Fcomments&post=292"}],"version-history":[{"count":5,"href":"http:\/\/www.incluverso-5g.es\/index.php?rest_route=\/wp\/v2\/posts\/292\/revisions"}],"predecessor-version":[{"id":303,"href":"http:\/\/www.incluverso-5g.es\/index.php?rest_route=\/wp\/v2\/posts\/292\/revisions\/303"}],"wp:attachment":[{"href":"http:\/\/www.incluverso-5g.es\/index.php?rest_route=%2Fwp%2Fv2%2Fmedia&parent=292"}],"wp:term":[{"taxonomy":"category","embeddable":true,"href":"http:\/\/www.incluverso-5g.es\/index.php?rest_route=%2Fwp%2Fv2%2Fcategories&post=292"},{"taxonomy":"post_tag","embeddable":true,"href":"http:\/\/www.incluverso-5g.es\/index.php?rest_route=%2Fwp%2Fv2%2Ftags&post=292"}],"curies":[{"name":"wp","href":"https:\/\/api.w.org\/{rel}","templated":true}]}}