{"id":200,"date":"2024-07-10T10:17:07","date_gmt":"2024-07-10T10:17:07","guid":{"rendered":"http:\/\/www.incluverso-5g.es\/?p=200"},"modified":"2024-11-20T14:56:47","modified_gmt":"2024-11-20T14:56:47","slug":"women-in-smart-communications-wisc-en-el-ieee-meditcom","status":"publish","type":"post","link":"http:\/\/www.incluverso-5g.es\/?p=200","title":{"rendered":"\u00abWomen in Smart Communications\u00bb (WiSC) en el IEEE MEDITCOM\u00a0"},"content":{"rendered":"\n<p><strong>Marta Orduna<\/strong>, investigadora del eXtended Reality Lab (XR Lab) de Nokia, imparti\u00f3 la ponencia titulada \u201cINCLUVERSO 5G &#8211; Experiencias de comunicaci\u00f3n inmersiva e inclusiva a trav\u00e9s de redes 5G\u201d en la tercera edici\u00f3n del \u00ab<a rel=\"noreferrer noopener\" href=\"https:\/\/meditcom2024.ieee-meditcom.org\/program\/wice-yp\" target=\"_blank\">Women in Smart Communications<\/a>\u00bb que tuvo lugar el d\u00eda 10 de julio enmarcada en el <a rel=\"noreferrer noopener\" href=\"https:\/\/meditcom2024.ieee-meditcom.org\/\" target=\"_blank\">IEEE International Mediterranean Conference on Communications and Networking (IEEE MeditCom 2024)<\/a> celebrado en Madrid.\u00a0\u00a0<\/p>\n\n\n\n<figure class=\"wp-block-image size-full\"><img decoding=\"async\" loading=\"lazy\" width=\"4032\" height=\"3024\" src=\"http:\/\/www.incluverso-5g.es\/wp-content\/uploads\/2024\/10\/IMG_9956.jpeg\" alt=\"\" class=\"wp-image-206\"\/><\/figure>\n\n\n\n<p>En la ponencia, Marta destac\u00f3 el potencial extraordinario de las tecnolog\u00edas de Realidad eXtendida (XR) para mejorar la inclusi\u00f3n de personas en situaci\u00f3n de vulnerabilidad psicosocial, como las personas con discapacidad intelectual, dependencia o deterioro neurocognitivo. Present\u00f3 los casos de uso del proyecto INCLUVERSO 5G que se est\u00e1n explorando para desarrollar, adaptar y validar la tecnolog\u00eda de XR para usuarios del centro de formaci\u00f3n ocupacional para oportunidades e integraci\u00f3n laboral de la Fundaci\u00f3n Juan XXIII. Por \u00faltimo, expuso la combinaci\u00f3n de tecnolog\u00eda necesaria para proporcionar estos casos de uso, tanto desde los sistemas XR como desde la red de comunicaci\u00f3n subyacente. Para ello, se present\u00f3 a alto nivel la red 5G privada desplegada en las instalaciones de la Fundaci\u00f3n Juan XXIII, indispensable para avanzar hacia el desarrollo de un metaverso totalmente inclusivo, tambi\u00e9n llamado, Incluverso.\u00a0<\/p>\n\n\n\n<figure class=\"wp-block-image size-full\"><img decoding=\"async\" loading=\"lazy\" width=\"4032\" height=\"3024\" src=\"http:\/\/www.incluverso-5g.es\/wp-content\/uploads\/2024\/10\/IMG_9943.jpeg\" alt=\"\" class=\"wp-image-207\"\/><\/figure>\n\n\n\n<p>Despu\u00e9s de la ponencia, <strong>Marta Orduna Cortillas<\/strong> particip\u00f3 junto a:<strong> Sinem Coleri<\/strong> (Ko\u00e7 \u00dcniversitesi, Turqu\u00eda), <strong>Francesca Marcello<\/strong> (Universit\u00e0 degli Studi di Cagliari, Italia) y <strong>Maria-Julia Fern\u00e1ndez-Getino Garc\u00eda<\/strong> (Universidad Carlos III de Madrid, Espa\u00f1a), en el panel \u201cMujeres que promueven comunicaciones inteligentes: creaci\u00f3n de sistemas confiables y empoderamiento del cambio de comportamiento\u201d, en el que las participantes compartieron sus ideas sobre c\u00f3mo establecer y mantener carreras exitosas en un campo predominantemente masculino. La sesi\u00f3n fue moderada por <strong>Lina Mohjazi.<\/strong>\u00a0<\/p>\n\n\n\n<figure class=\"wp-block-image size-full\"><img decoding=\"async\" loading=\"lazy\" width=\"1600\" height=\"1200\" src=\"http:\/\/www.incluverso-5g.es\/wp-content\/uploads\/2024\/10\/1721406581662.jpg\" alt=\"\" class=\"wp-image-203\"\/><\/figure>\n\n\n\n<p><strong>Este evento fue organizado conjuntamente con:&nbsp;<\/strong>&nbsp;<\/p>\n\n\n\n<ul>\n<li>IEEE Communications Society UK &amp; Ireland y Cap\u00edtulos de Espa\u00f1a&nbsp;<\/li>\n<\/ul>\n\n\n\n<ul>\n<li>IEEE Women in Engineering UK &amp; Ireland y IEEE Women in Engineering Espa\u00f1a&nbsp;<\/li>\n<\/ul>\n\n\n\n<ul>\n<li>IEEE #WICE, IEEE Women in Engineering&nbsp;<\/li>\n<\/ul>\n\n\n\n<figure class=\"wp-block-image size-full\"><img decoding=\"async\" loading=\"lazy\" width=\"1600\" height=\"533\" src=\"http:\/\/www.incluverso-5g.es\/wp-content\/uploads\/2024\/10\/1721406577750.jpg\" alt=\"\" class=\"wp-image-202\"\/><\/figure>\n\n\n\n<p><\/p>\n\n\n\n<figure class=\"wp-block-image size-full\"><img decoding=\"async\" loading=\"lazy\" width=\"1024\" height=\"576\" src=\"http:\/\/www.incluverso-5g.es\/wp-content\/uploads\/2024\/10\/WiSC-Flyer-IEEE-MeditCom-2024_final.jpg\" alt=\"\" class=\"wp-image-222\"\/><\/figure>\n","protected":false},"excerpt":{"rendered":"<p>Marta Orduna, investigadora del eXtended Reality Lab (XR Lab) de Nokia, imparti\u00f3 la ponencia titulada \u201cINCLUVERSO 5G &#8211; Experiencias de comunicaci\u00f3n inmersiva [&hellip;]<\/p>\n","protected":false},"author":1,"featured_media":0,"comment_status":"open","ping_status":"open","sticky":false,"template":"","format":"standard","meta":{"footnotes":""},"categories":[2],"tags":[],"_links":{"self":[{"href":"http:\/\/www.incluverso-5g.es\/index.php?rest_route=\/wp\/v2\/posts\/200"}],"collection":[{"href":"http:\/\/www.incluverso-5g.es\/index.php?rest_route=\/wp\/v2\/posts"}],"about":[{"href":"http:\/\/www.incluverso-5g.es\/index.php?rest_route=\/wp\/v2\/types\/post"}],"author":[{"embeddable":true,"href":"http:\/\/www.incluverso-5g.es\/index.php?rest_route=\/wp\/v2\/users\/1"}],"replies":[{"embeddable":true,"href":"http:\/\/www.incluverso-5g.es\/index.php?rest_route=%2Fwp%2Fv2%2Fcomments&post=200"}],"version-history":[{"count":8,"href":"http:\/\/www.incluverso-5g.es\/index.php?rest_route=\/wp\/v2\/posts\/200\/revisions"}],"predecessor-version":[{"id":339,"href":"http:\/\/www.incluverso-5g.es\/index.php?rest_route=\/wp\/v2\/posts\/200\/revisions\/339"}],"wp:attachment":[{"href":"http:\/\/www.incluverso-5g.es\/index.php?rest_route=%2Fwp%2Fv2%2Fmedia&parent=200"}],"wp:term":[{"taxonomy":"category","embeddable":true,"href":"http:\/\/www.incluverso-5g.es\/index.php?rest_route=%2Fwp%2Fv2%2Fcategories&post=200"},{"taxonomy":"post_tag","embeddable":true,"href":"http:\/\/www.incluverso-5g.es\/index.php?rest_route=%2Fwp%2Fv2%2Ftags&post=200"}],"curies":[{"name":"wp","href":"https:\/\/api.w.org\/{rel}","templated":true}]}}