{"id":121,"date":"2024-04-08T09:27:44","date_gmt":"2024-04-08T09:27:44","guid":{"rendered":"http:\/\/www.incluverso-5g.es\/?p=121"},"modified":"2024-10-01T12:34:57","modified_gmt":"2024-10-01T12:34:57","slug":"presentacion-en-bio-med-tech-talks","status":"publish","type":"post","link":"http:\/\/www.incluverso-5g.es\/?p=121","title":{"rendered":"Presentaci\u00f3n en Bio Med &amp; Tech Talks"},"content":{"rendered":"\n<p><strong>Amaya Jim\u00e9nez<\/strong>, investigadora del eXtended Reality Lab (XR Lab) de Nokia, present\u00f3 los casos de uso de INCLUVERSO 5G en la primera edici\u00f3n de <a href=\"https:\/\/biomedandtechtalks.com\/\" data-type=\"link\" data-id=\"https:\/\/biomedandtechtalks.com\/\">\u2018Bio Med &amp; Tech Talks: Tu cita con la Investigaci\u00f3n y la Innovaci\u00f3n\u2019,<\/a> celebrada del 8 al 10 de abril, coincidiendo con el D\u00eda y la Semana Mundial de la Salud, en el Hospital Universitario Cl\u00ednico San Cecilio de Granada, dentro del Parque Tecnol\u00f3gico de la Salud (PTS). <\/p>\n\n\n\n<figure class=\"wp-block-image size-full is-resized\"><img decoding=\"async\" loading=\"lazy\" src=\"http:\/\/www.incluverso-5g.es\/wp-content\/uploads\/2024\/05\/IMG-20240408-WA0014.jpg\" alt=\"\" class=\"wp-image-122\" style=\"width:790px;height:528px\" width=\"790\" height=\"528\"\/><figcaption class=\"wp-element-caption\">Amaya Jim\u00e9nez presentando INCLUVERSO 5G<\/figcaption><\/figure>\n\n\n\n<figure class=\"wp-block-gallery has-nested-images columns-default is-cropped wp-block-gallery-1 is-layout-flex wp-block-gallery-is-layout-flex\">\n<figure class=\"wp-block-image size-large\"><img decoding=\"async\" loading=\"lazy\" width=\"1600\" height=\"1070\" data-id=\"123\" src=\"http:\/\/www.incluverso-5g.es\/wp-content\/uploads\/2024\/05\/IMG-20240408-WA0011.jpg\" alt=\"\" class=\"wp-image-123\"\/><\/figure>\n<\/figure>\n\n\n\n<p>Bio Med &amp; Tech Talks es un evento de alto nivel sobre Biomedicina y Biotecnolog\u00eda que pretende dar visibilidad auton\u00f3mica, nacional e internacional a los \u00faltimos avances de los investigadores\/as, los laboratorios y los profesionales de la salud.\u00a0<\/p>\n\n\n\n<p>El objetivo del Bio Med &amp; Tech Talks es dar visibilidad a todas las empresas nacionales l\u00edderes, multinacionales, universidades, instituciones y expertos que est\u00e1n trabajando para ser referentes de innovaci\u00f3n, investigaci\u00f3n y formaci\u00f3n sanitaria.<\/p>\n\n\n\n<p>Adicionalmente, se cont\u00f3 con un stand en el que se pudo mostrar la demostraci\u00f3n de la aplicaci\u00f3n desarrollada para el caso de uso de terapia de miedo a las escaleras. En \u00e9l participaron tanto Amaya Jim\u00e9nez como Marta Goyena, ambas investigadoras del eXtended Reality Lab (XR Lab) de Nokia. La demostraci\u00f3n tuvo gran aceptaci\u00f3n entre el p\u00fablico y se obtuvieron relevantes percepciones y recomendaciones, sobre todo, por parte del personal sanitario que se acerc\u00f3 a probarlo. <\/p>\n\n\n\n<figure class=\"wp-block-image size-full\"><img decoding=\"async\" loading=\"lazy\" width=\"5712\" height=\"4284\" src=\"http:\/\/www.incluverso-5g.es\/wp-content\/uploads\/2024\/05\/IMG_1990.jpeg\" alt=\"\" class=\"wp-image-125\"\/><figcaption class=\"wp-element-caption\">Marta Goyena ense\u00f1ando la demostraci\u00f3n de la aplicaci\u00f3n<\/figcaption><\/figure>\n\n\n\n<figure class=\"wp-block-image size-full\"><img decoding=\"async\" loading=\"lazy\" width=\"3916\" height=\"4054\" src=\"http:\/\/www.incluverso-5g.es\/wp-content\/uploads\/2024\/05\/IMG_2004.jpeg\" alt=\"\" class=\"wp-image-124\"\/><figcaption class=\"wp-element-caption\">Amaya Jim\u00e9nez y Marta Goyena frente al poster del caso de uso de la terapia para tratar el miedo a a las escaleras<\/figcaption><\/figure>\n\n\n\n<p>M\u00e1s informaci\u00f3n:<\/p>\n\n\n\n<ul>\n<li><a href=\"https:\/\/biomedandtechtalks.com\/biomedtech-talks-exito-de-agenda-y-reuniones-en-su-primera-edicion-en-granada\/\" data-type=\"link\" data-id=\"https:\/\/biomedandtechtalks.com\/biomedtech-talks-exito-de-agenda-y-reuniones-en-su-primera-edicion-en-granada\/\">Bio Med &amp; Tech Talks: \u00e9xito de agenda y reuniones en su primera edici\u00f3n en Granada<\/a><\/li>\n<\/ul>\n\n\n\n<p><\/p>\n","protected":false},"excerpt":{"rendered":"<p>Amaya Jim\u00e9nez, investigadora del eXtended Reality Lab (XR Lab) de Nokia, present\u00f3 los casos de uso de INCLUVERSO 5G en la primera [&hellip;]<\/p>\n","protected":false},"author":1,"featured_media":0,"comment_status":"open","ping_status":"open","sticky":false,"template":"","format":"standard","meta":{"footnotes":""},"categories":[3,2],"tags":[],"_links":{"self":[{"href":"http:\/\/www.incluverso-5g.es\/index.php?rest_route=\/wp\/v2\/posts\/121"}],"collection":[{"href":"http:\/\/www.incluverso-5g.es\/index.php?rest_route=\/wp\/v2\/posts"}],"about":[{"href":"http:\/\/www.incluverso-5g.es\/index.php?rest_route=\/wp\/v2\/types\/post"}],"author":[{"embeddable":true,"href":"http:\/\/www.incluverso-5g.es\/index.php?rest_route=\/wp\/v2\/users\/1"}],"replies":[{"embeddable":true,"href":"http:\/\/www.incluverso-5g.es\/index.php?rest_route=%2Fwp%2Fv2%2Fcomments&post=121"}],"version-history":[{"count":1,"href":"http:\/\/www.incluverso-5g.es\/index.php?rest_route=\/wp\/v2\/posts\/121\/revisions"}],"predecessor-version":[{"id":126,"href":"http:\/\/www.incluverso-5g.es\/index.php?rest_route=\/wp\/v2\/posts\/121\/revisions\/126"}],"wp:attachment":[{"href":"http:\/\/www.incluverso-5g.es\/index.php?rest_route=%2Fwp%2Fv2%2Fmedia&parent=121"}],"wp:term":[{"taxonomy":"category","embeddable":true,"href":"http:\/\/www.incluverso-5g.es\/index.php?rest_route=%2Fwp%2Fv2%2Fcategories&post=121"},{"taxonomy":"post_tag","embeddable":true,"href":"http:\/\/www.incluverso-5g.es\/index.php?rest_route=%2Fwp%2Fv2%2Ftags&post=121"}],"curies":[{"name":"wp","href":"https:\/\/api.w.org\/{rel}","templated":true}]}}