{"id":112,"date":"2024-03-20T08:45:55","date_gmt":"2024-03-20T08:45:55","guid":{"rendered":"http:\/\/www.incluverso-5g.es\/?p=112"},"modified":"2026-01-15T10:05:21","modified_gmt":"2026-01-15T10:05:21","slug":"presentacion-en-ieee-vr","status":"publish","type":"post","link":"http:\/\/www.incluverso-5g.es\/?p=112","title":{"rendered":"Presentaci\u00f3n en IEEE VR"},"content":{"rendered":"\n<p>Marta Goyena Morata, investigadora del eXtended Reality Lab (XR Lab) de Nokia, represent\u00f3 al equipo de INCLUVERSO 5G en la IEEE Conference on Virtual Reality and 3D User Interfaces, celebrada en Orlando ( USA) del 16 al 21 de marzo. Durante esos d\u00edas, no solo comparti\u00f3 sus conocimientos, sino que tambi\u00e9n demostr\u00f3 c\u00f3mo la tecnolog\u00eda puede marcar la diferencia en el campo de la salud mental.<\/p>\n\n\n\n<figure class=\"wp-block-image size-full\"><img decoding=\"async\" loading=\"lazy\" width=\"1600\" height=\"1200\" src=\"http:\/\/www.incluverso-5g.es\/wp-content\/uploads\/2024\/05\/88c3a73c-d15d-49b2-ac93-7d3a2a39d7d0.jpg\" alt=\"\" class=\"wp-image-113\"\/><figcaption class=\"wp-element-caption\">Carlos Cort\u00e9s S\u00e1nchez, Marta Goyena Morata y Jes\u00fas Guti\u00e9rrez S\u00e1nchez frente al p\u00f3ster de INCLUVERSO 5G<\/figcaption><\/figure>\n\n\n\n<p>Durante este evento, presentaron una demostraci\u00f3n de la aplicaci\u00f3n de terapia inmersiva dise\u00f1ada para abordar la fobia a las escaleras en personas con discapacidad intelectual. Esta aplicaci\u00f3n innovadora es un testimonio del potencial transformador de la realidad virtual en el campo de la salud mental.<\/p>\n\n\n\n<p>Adem\u00e1s, parte de INCLUVERSO 5G se present\u00f3 como parte de una charla sobre juegos inmersivos y biose\u00f1ales en terapia cognitiva para personas con discapacidad intelectual en el III Taller de Inclusi\u00f3n, Diversidad, Equidad, Accesibilidad, Transparencia. y \u00c9tica en XR <a href=\"https:\/\/ideatexr.carrd.co\/\" data-type=\"link\" data-id=\"https:\/\/ideatexr.carrd.co\/\">(IDEATEXR)<\/a>. Este evento brind\u00f3 una plataforma invaluable para discutir c\u00f3mo la tecnolog\u00eda puede contribuir a la inclusi\u00f3n y el bienestar de personas con capacidades diversas.<\/p>\n\n\n\n<p>Publicaciones Cientificas:<\/p>\n\n\n\n<ul>\n<li><a href=\"https:\/\/ieeexplore.ieee.org\/abstract\/document\/10536198\/\">Immersive Behavioral Therapy for Phobia Treatment in Individuals with Intellectual Disabilities<\/a><\/li>\n<\/ul>\n\n\n\n<p><\/p>\n","protected":false},"excerpt":{"rendered":"<p>Marta Goyena Morata, investigadora del eXtended Reality Lab (XR Lab) de Nokia, represent\u00f3 al equipo de INCLUVERSO 5G en la IEEE Conference [&hellip;]<\/p>\n","protected":false},"author":1,"featured_media":0,"comment_status":"open","ping_status":"open","sticky":false,"template":"","format":"standard","meta":{"footnotes":""},"categories":[3,2],"tags":[],"_links":{"self":[{"href":"http:\/\/www.incluverso-5g.es\/index.php?rest_route=\/wp\/v2\/posts\/112"}],"collection":[{"href":"http:\/\/www.incluverso-5g.es\/index.php?rest_route=\/wp\/v2\/posts"}],"about":[{"href":"http:\/\/www.incluverso-5g.es\/index.php?rest_route=\/wp\/v2\/types\/post"}],"author":[{"embeddable":true,"href":"http:\/\/www.incluverso-5g.es\/index.php?rest_route=\/wp\/v2\/users\/1"}],"replies":[{"embeddable":true,"href":"http:\/\/www.incluverso-5g.es\/index.php?rest_route=%2Fwp%2Fv2%2Fcomments&post=112"}],"version-history":[{"count":7,"href":"http:\/\/www.incluverso-5g.es\/index.php?rest_route=\/wp\/v2\/posts\/112\/revisions"}],"predecessor-version":[{"id":761,"href":"http:\/\/www.incluverso-5g.es\/index.php?rest_route=\/wp\/v2\/posts\/112\/revisions\/761"}],"wp:attachment":[{"href":"http:\/\/www.incluverso-5g.es\/index.php?rest_route=%2Fwp%2Fv2%2Fmedia&parent=112"}],"wp:term":[{"taxonomy":"category","embeddable":true,"href":"http:\/\/www.incluverso-5g.es\/index.php?rest_route=%2Fwp%2Fv2%2Fcategories&post=112"},{"taxonomy":"post_tag","embeddable":true,"href":"http:\/\/www.incluverso-5g.es\/index.php?rest_route=%2Fwp%2Fv2%2Ftags&post=112"}],"curies":[{"name":"wp","href":"https:\/\/api.w.org\/{rel}","templated":true}]}}